{"id":5471,"date":"2018-02-22T11:04:45","date_gmt":"2018-02-22T10:04:45","guid":{"rendered":"https:\/\/www.domainedurayol.org\/?p=5471"},"modified":"2018-04-07T14:59:28","modified_gmt":"2018-04-07T12:59:28","slug":"conseil-jardiniers-temps-derniers-travaux","status":"publish","type":"post","link":"https:\/\/www.domainedurayol.org\/en\/conseil-jardiniers-temps-derniers-travaux\/","title":{"rendered":"Le conseil des jardiniers : le temps des derniers travaux"},"content":{"rendered":"<p>En cette fin du mois de f\u00e9vrier, malgr\u00e9 une petite vague de froid qui nous enveloppe encore, en r\u00e9gion m\u00e9diterran\u00e9enne on peut d\u00e9j\u00e0 parler de la fin de l&#8217;hiver.<br \/>\nEn effet, si la fin de l&#8217;hiver calendaire se situe au moment de l&#8217;\u00e9quinoxe de printemps, l&#8217;hiver m\u00e9t\u00e9orologique lui, va se terminer avec la fin de ce mois. Cette diff\u00e9rence s&#8217;explique en tenant compte de l&#8217;inertie de la Terre et surtout de son atmosph\u00e8re qui d\u00e9cale l&#8217;impact des solstices d&#8217;hiver ou d&#8217;\u00e9t\u00e9, d&#8217;environ trois semaines. On peut rajouter \u00e0 ces crit\u00e8res, les variabilit\u00e9s de temp\u00e9ratures, de pression, d&#8217;hygrom\u00e9trie et de pr\u00e9cipitations\u2026 Le pic de l&#8217;hiver chez nous tombe donc vers la mi-janvier et la saison, d\u00e9marr\u00e9e d\u00e9but d\u00e9cembre, se termine fin f\u00e9vrier.<br \/>\nOn le voit d&#8217;ailleurs aux jours qui ont d\u00e9j\u00e0 pas mal rallong\u00e9 et au soleil qui commence \u00e0 \u00eatre de plus en plus haut dans le ciel.<\/p>\n<hr \/>\n<h2>La fin de l\u2019hiver marque la fin des gros travaux<\/h2>\n<p><a href=\"https:\/\/www.domainedurayol.org\/wp-content\/uploads\/sites\/4\/2018\/02\/IMG_7491-\u00a9-Domaine-du-Rayol-Chlo\u00e9-Arregoces-e1519290857965.jpg\"><img loading=\"lazy\" decoding=\"async\" class=\"fancybox alignright wp-image-5461\" title=\"\u00a9 Domaine du Rayol, Chlo\u00e9 ARREGOCES\" src=\"https:\/\/www.domainedurayol.org\/wp-content\/uploads\/sites\/4\/2018\/02\/IMG_7491-\u00a9-Domaine-du-Rayol-Chlo\u00e9-Arregoces-700x467.jpg\" alt=\"Paysage du Jardin\" width=\"367\" height=\"245\" \/><\/a><\/p>\n<div id=\"attachment_5463\" style=\"width: 378px\" class=\"wp-caption alignleft\"><a href=\"https:\/\/www.domainedurayol.org\/wp-content\/uploads\/sites\/4\/2018\/02\/Soleil-dhiver-\u00a9-Domaine-du-Rayol-Chlo\u00e9-Arregoces-e1519290872583.jpg\"><img loading=\"lazy\" decoding=\"async\" aria-describedby=\"caption-attachment-5463\" class=\"fancybox wp-image-5463 \" title=\"\u00a9 Domaine du Rayol, Chlo\u00e9 ARREGOCES\" src=\"https:\/\/www.domainedurayol.org\/wp-content\/uploads\/sites\/4\/2018\/02\/Soleil-dhiver-\u00a9-Domaine-du-Rayol-Chlo\u00e9-Arregoces-700x466.jpg\" alt=\"Soleil d'hiver\" width=\"368\" height=\"245\" \/><\/a><p id=\"caption-attachment-5463\" class=\"wp-caption-text\">Soleil d\u2019hiver dans le jardin d\u2019Afrique du Sud<\/p><\/div>\n<p>&nbsp;<\/p>\n<p>&nbsp;<\/p>\n<p>&nbsp;<\/p>\n<p>&nbsp;<\/p>\n<p>&nbsp;<\/p>\n<p>Au jardin, il est temps de terminer les gros travaux d&#8217;hiver, que sont l&#8217;\u00e9lagage, la taille des arbustes \u00e0 floraison estivale, et surtout le nettoyage des massifs et buissons, voire de certains sujets comme les <em>Chamaerops humilis<\/em> ou autres afin de ne pas perturber la faune qui commence juste \u00e0 se r\u00e9veiller.<\/p>\n<p>Il va sans dire que les plantations devraient \u00eatre termin\u00e9es depuis longtemps, mais pour les retardataires, il est encore possible d&#8217;installer de nouveaux v\u00e9g\u00e9taux \u00e0 condition que vous puissiez assurer une surveillance et un arrosage estival, afin de garantir leur bonne acclimatation.<br \/>\nDe m\u00eame si vous souhaitez travailler votre sol, en vue d&#8217;y installer un potager par exemple, ne tardez pas trop. Car m\u00eame la micro faune souterraine ne va pas tarder \u00e0 rentrer en activit\u00e9, sans compter que certains, comme les vers de terre, ne la stoppent quasiment jamais pendant l&#8217;hiver, la terre \u00e9tant plus meuble et la mati\u00e8re organique constitu\u00e9e de feuilles mortes abondante. Cela vient \u00e9galement du fait que le sol est toujours plus temp\u00e9r\u00e9 que la temp\u00e9rature ext\u00e9rieure (encore une question d&#8217;inertie) et ne g\u00e8le jamais en profondeur sous notre climat.<\/p>\n<hr \/>\n<h2>Installez vite les nichoirs\u2026<\/h2>\n<div id=\"attachment_5462\" style=\"width: 389px\" class=\"wp-caption alignleft\"><a href=\"https:\/\/www.domainedurayol.org\/wp-content\/uploads\/sites\/4\/2018\/02\/Nourissage-des-oiseaux-\u00a9-Domaine-du-Rayol.jpg\"><img loading=\"lazy\" decoding=\"async\" aria-describedby=\"caption-attachment-5462\" class=\"fancybox wp-image-5462\" title=\"\u00a9 Domaine du Rayol\" src=\"https:\/\/www.domainedurayol.org\/wp-content\/uploads\/sites\/4\/2018\/02\/Nourissage-des-oiseaux-\u00a9-Domaine-du-Rayol-700x393.jpg\" alt=\"Nourissage des oiseaux\" width=\"379\" height=\"213\" srcset=\"https:\/\/www.domainedurayol.org\/en\/wp-content\/uploads\/sites\/4\/2018\/02\/Nourissage-des-oiseaux-\u00a9-Domaine-du-Rayol-700x393.jpg 700w, https:\/\/www.domainedurayol.org\/en\/wp-content\/uploads\/sites\/4\/2018\/02\/Nourissage-des-oiseaux-\u00a9-Domaine-du-Rayol-250x141.jpg 250w, https:\/\/www.domainedurayol.org\/en\/wp-content\/uploads\/sites\/4\/2018\/02\/Nourissage-des-oiseaux-\u00a9-Domaine-du-Rayol-768x432.jpg 768w, https:\/\/www.domainedurayol.org\/en\/wp-content\/uploads\/sites\/4\/2018\/02\/Nourissage-des-oiseaux-\u00a9-Domaine-du-Rayol-400x225.jpg 400w, https:\/\/www.domainedurayol.org\/en\/wp-content\/uploads\/sites\/4\/2018\/02\/Nourissage-des-oiseaux-\u00a9-Domaine-du-Rayol-120x67.jpg 120w\" sizes=\"auto, (max-width: 379px) 100vw, 379px\" \/><\/a><p id=\"caption-attachment-5462\" class=\"wp-caption-text\">Les oiseaux vont continuer \u00e0 picorer vos graines pendant encore quelques semaines<\/p><\/div>\n<p>C&#8217;est encore le moment d&#8217;installer des nichoirs si vous d\u00e9sirez accueillir des oiseaux dans le jardin mais l\u00e0 encore, il ne faut plus tarder.<br \/>\nLes oiseaux, comme les autres \u00eatres vivants, n&#8217;ont pas le calendrier civil que nous utilisons usuellement, et c&#8217;est bien les saisons m\u00e9t\u00e9orologiques, qui les gouvernent. L&#8217;allongement de la dur\u00e9e des jours, plus des temp\u00e9ratures et un ensoleillement un peu plus \u00e9lev\u00e9s ne vont pas tarder \u00e0 les inciter \u00e0 se mettre en qu\u00eate de nouveaux territoires et de partenaires pour la nouvelle saison de reproduction qui s&#8217;amorce. Les migrateurs, eux, ne sont pour l&#8217;instant pas encore revenus mais c&#8217;est l&#8217;affaire de quelques semaines, et les nichoirs install\u00e9s auparavant auront plus de chance de trouver un locataire.<\/p>\n<hr \/>\n<h2>\u2026 mais ne stoppez pas encore le nourrissage des oiseaux !<\/h2>\n<p>Attention cependant, si vous avez nourri les oiseaux pendant l&#8217;hiver, avec des graines ou des boules de graisse, il n&#8217;est pas encore temps de stopper ce nourrissage. Les insectes ne sont pas encore assez abondants et les oiseaux risqueraient de d\u00e9p\u00e9rir, faute de nourriture. D&#8217;autant plus s&#8217;ils sont habitu\u00e9s depuis des mois \u00e0 venir chercher chez vous leur pitance. Continuez donc le nourrissage encore au moins quelques semaines, et vous verrez \u00e0 terme, que spontan\u00e9ment, les divers passereaux et autres se d\u00e9sint\u00e9resseront d&#8217;eux-m\u00eames de vos mangeoires\u2026 Les chenilles et autres vers \u00e9tant bien plus app\u00e9tissants pour eux ! Il sera alors temps de ranger les mangeoires et supports \u00e0 boules jusqu&#8217;\u00e0 l&#8217;automne suivant. Merci pour eux !<\/p>\n<p style=\"text-align: right;\"><em>Laurent Amalric, responsable de la P\u00e9pini\u00e8re du Domaine du Rayol<\/em><\/p>\n","protected":false},"excerpt":{"rendered":"En cette fin du mois de f\u00e9vrier, malgr\u00e9 une petite vague de froid qui nous enveloppe encore, en r\u00e9gion m\u00e9diterran\u00e9enne on peut d\u00e9j\u00e0 parler de la fin de l&#8217;hiver. En effet, si la fin de l&#8217;hiver calendaire se situe au moment de l&#8217;\u00e9quinoxe de printemps, l&#8217;hiver m\u00e9t\u00e9orologique lui, va se terminer avec la fin de {&#8230;}","protected":false},"author":2,"featured_media":5460,"comment_status":"closed","ping_status":"open","sticky":false,"template":"","format":"standard","meta":{"_acf_changed":false,"footnotes":""},"categories":[75],"tags":[],"class_list":["post-5471","post","type-post","status-publish","format-standard","has-post-thumbnail","hentry","category-le-coin-des-jardiniers"],"acf":[],"yoast_head":"<!-- This site is optimized with the Yoast SEO plugin v24.1 - https:\/\/yoast.com\/wordpress\/plugins\/seo\/ -->\n<title>Le conseil des jardiniers : le temps des derniers travaux - Domaine du Rayol<\/title>\n<meta name=\"robots\" content=\"index, follow, max-snippet:-1, max-image-preview:large, max-video-preview:-1\" \/>\n<link rel=\"canonical\" href=\"https:\/\/www.domainedurayol.org\/en\/conseil-jardiniers-temps-derniers-travaux\/\" \/>\n<meta property=\"og:locale\" content=\"en_US\" \/>\n<meta property=\"og:type\" content=\"article\" \/>\n<meta property=\"og:title\" content=\"Le conseil des jardiniers : le temps des derniers travaux - Domaine du Rayol\" \/>\n<meta property=\"og:description\" content=\"En cette fin du mois de f\u00e9vrier, malgr\u00e9 une petite vague de froid qui nous enveloppe encore, en r\u00e9gion m\u00e9diterran\u00e9enne on peut d\u00e9j\u00e0 parler de la fin de l&#8217;hiver. En effet, si la fin de l&#8217;hiver calendaire se situe au moment de l&#8217;\u00e9quinoxe de printemps, l&#8217;hiver m\u00e9t\u00e9orologique lui, va se terminer avec la fin de {...}\" \/>\n<meta property=\"og:url\" content=\"https:\/\/www.domainedurayol.org\/en\/conseil-jardiniers-temps-derniers-travaux\/\" \/>\n<meta property=\"og:site_name\" content=\"Domaine du Rayol\" \/>\n<meta property=\"article:published_time\" content=\"2018-02-22T10:04:45+00:00\" \/>\n<meta property=\"article:modified_time\" content=\"2018-04-07T12:59:28+00:00\" \/>\n<meta property=\"og:image\" content=\"https:\/\/www.domainedurayol.org\/en\/wp-content\/uploads\/sites\/4\/2018\/02\/Fin-des-plantations-\u00a9-Domaine-du-Rayol-Chlo\u00e9-Arregoces-e1519290839645.jpg\" \/>\n\t<meta property=\"og:image:width\" content=\"1000\" \/>\n\t<meta property=\"og:image:height\" content=\"667\" \/>\n\t<meta property=\"og:image:type\" content=\"image\/jpeg\" \/>\n<meta name=\"author\" content=\"Julien Barral\" \/>\n<meta name=\"twitter:card\" content=\"summary_large_image\" \/>\n<meta name=\"twitter:label1\" content=\"Written by\" \/>\n\t<meta name=\"twitter:data1\" content=\"Julien Barral\" \/>\n\t<meta name=\"twitter:label2\" content=\"Est. reading time\" \/>\n\t<meta name=\"twitter:data2\" content=\"3 minutes\" \/>\n<script type=\"application\/ld+json\" class=\"yoast-schema-graph\">{\"@context\":\"https:\/\/schema.org\",\"@graph\":[{\"@type\":\"WebPage\",\"@id\":\"https:\/\/www.domainedurayol.org\/en\/conseil-jardiniers-temps-derniers-travaux\/\",\"url\":\"https:\/\/www.domainedurayol.org\/en\/conseil-jardiniers-temps-derniers-travaux\/\",\"name\":\"Le conseil des jardiniers : le temps des derniers travaux - Domaine du Rayol\",\"isPartOf\":{\"@id\":\"https:\/\/www.domainedurayol.org\/en\/#website\"},\"primaryImageOfPage\":{\"@id\":\"https:\/\/www.domainedurayol.org\/en\/conseil-jardiniers-temps-derniers-travaux\/#primaryimage\"},\"image\":{\"@id\":\"https:\/\/www.domainedurayol.org\/en\/conseil-jardiniers-temps-derniers-travaux\/#primaryimage\"},\"thumbnailUrl\":\"https:\/\/www.domainedurayol.org\/en\/wp-content\/uploads\/sites\/4\/2018\/02\/Fin-des-plantations-\u00a9-Domaine-du-Rayol-Chlo\u00e9-Arregoces-e1519290839645.jpg\",\"datePublished\":\"2018-02-22T10:04:45+00:00\",\"dateModified\":\"2018-04-07T12:59:28+00:00\",\"author\":{\"@id\":\"https:\/\/www.domainedurayol.org\/en\/#\/schema\/person\/b7a4141345145d06be83b84817bee479\"},\"breadcrumb\":{\"@id\":\"https:\/\/www.domainedurayol.org\/en\/conseil-jardiniers-temps-derniers-travaux\/#breadcrumb\"},\"inLanguage\":\"en-EN\",\"potentialAction\":[{\"@type\":\"ReadAction\",\"target\":[\"https:\/\/www.domainedurayol.org\/en\/conseil-jardiniers-temps-derniers-travaux\/\"]}]},{\"@type\":\"ImageObject\",\"inLanguage\":\"en-EN\",\"@id\":\"https:\/\/www.domainedurayol.org\/en\/conseil-jardiniers-temps-derniers-travaux\/#primaryimage\",\"url\":\"https:\/\/www.domainedurayol.org\/en\/wp-content\/uploads\/sites\/4\/2018\/02\/Fin-des-plantations-\u00a9-Domaine-du-Rayol-Chlo\u00e9-Arregoces-e1519290839645.jpg\",\"contentUrl\":\"https:\/\/www.domainedurayol.org\/en\/wp-content\/uploads\/sites\/4\/2018\/02\/Fin-des-plantations-\u00a9-Domaine-du-Rayol-Chlo\u00e9-Arregoces-e1519290839645.jpg\",\"width\":1000,\"height\":667,\"caption\":\"Fin des plantations\"},{\"@type\":\"BreadcrumbList\",\"@id\":\"https:\/\/www.domainedurayol.org\/en\/conseil-jardiniers-temps-derniers-travaux\/#breadcrumb\",\"itemListElement\":[{\"@type\":\"ListItem\",\"position\":1,\"name\":\"Accueil\",\"item\":\"https:\/\/www.domainedurayol.org\/en\/\"},{\"@type\":\"ListItem\",\"position\":2,\"name\":\"Le conseil des jardiniers : le temps des derniers travaux\"}]},{\"@type\":\"WebSite\",\"@id\":\"https:\/\/www.domainedurayol.org\/en\/#website\",\"url\":\"https:\/\/www.domainedurayol.org\/en\/\",\"name\":\"Domaine du Rayol\",\"description\":\"Le Jardin des M\u00e9diterran\u00e9es\",\"potentialAction\":[{\"@type\":\"SearchAction\",\"target\":{\"@type\":\"EntryPoint\",\"urlTemplate\":\"https:\/\/www.domainedurayol.org\/en\/?s={search_term_string}\"},\"query-input\":{\"@type\":\"PropertyValueSpecification\",\"valueRequired\":true,\"valueName\":\"search_term_string\"}}],\"inLanguage\":\"en-EN\"},{\"@type\":\"Person\",\"@id\":\"https:\/\/www.domainedurayol.org\/en\/#\/schema\/person\/b7a4141345145d06be83b84817bee479\",\"name\":\"Julien Barral\",\"image\":{\"@type\":\"ImageObject\",\"inLanguage\":\"en-EN\",\"@id\":\"https:\/\/www.domainedurayol.org\/en\/#\/schema\/person\/image\/\",\"url\":\"https:\/\/secure.gravatar.com\/avatar\/b10a5218d707e6dc51c225f3998ec297?s=96&r=g\",\"contentUrl\":\"https:\/\/secure.gravatar.com\/avatar\/b10a5218d707e6dc51c225f3998ec297?s=96&r=g\",\"caption\":\"Julien Barral\"},\"url\":\"https:\/\/www.domainedurayol.org\/en\/author\/julien-barral\/\"}]}<\/script>\n<!-- \/ Yoast SEO plugin. -->","yoast_head_json":{"title":"Le conseil des jardiniers : le temps des derniers travaux - Domaine du Rayol","robots":{"index":"index","follow":"follow","max-snippet":"max-snippet:-1","max-image-preview":"max-image-preview:large","max-video-preview":"max-video-preview:-1"},"canonical":"https:\/\/www.domainedurayol.org\/en\/conseil-jardiniers-temps-derniers-travaux\/","og_locale":"en_US","og_type":"article","og_title":"Le conseil des jardiniers : le temps des derniers travaux - Domaine du Rayol","og_description":"En cette fin du mois de f\u00e9vrier, malgr\u00e9 une petite vague de froid qui nous enveloppe encore, en r\u00e9gion m\u00e9diterran\u00e9enne on peut d\u00e9j\u00e0 parler de la fin de l&#8217;hiver. En effet, si la fin de l&#8217;hiver calendaire se situe au moment de l&#8217;\u00e9quinoxe de printemps, l&#8217;hiver m\u00e9t\u00e9orologique lui, va se terminer avec la fin de {...}","og_url":"https:\/\/www.domainedurayol.org\/en\/conseil-jardiniers-temps-derniers-travaux\/","og_site_name":"Domaine du Rayol","article_published_time":"2018-02-22T10:04:45+00:00","article_modified_time":"2018-04-07T12:59:28+00:00","og_image":[{"width":1000,"height":667,"url":"https:\/\/www.domainedurayol.org\/en\/wp-content\/uploads\/sites\/4\/2018\/02\/Fin-des-plantations-\u00a9-Domaine-du-Rayol-Chlo\u00e9-Arregoces-e1519290839645.jpg","type":"image\/jpeg"}],"author":"Julien Barral","twitter_card":"summary_large_image","twitter_misc":{"Written by":"Julien Barral","Est. reading time":"3 minutes"},"schema":{"@context":"https:\/\/schema.org","@graph":[{"@type":"WebPage","@id":"https:\/\/www.domainedurayol.org\/en\/conseil-jardiniers-temps-derniers-travaux\/","url":"https:\/\/www.domainedurayol.org\/en\/conseil-jardiniers-temps-derniers-travaux\/","name":"Le conseil des jardiniers : le temps des derniers travaux - Domaine du Rayol","isPartOf":{"@id":"https:\/\/www.domainedurayol.org\/en\/#website"},"primaryImageOfPage":{"@id":"https:\/\/www.domainedurayol.org\/en\/conseil-jardiniers-temps-derniers-travaux\/#primaryimage"},"image":{"@id":"https:\/\/www.domainedurayol.org\/en\/conseil-jardiniers-temps-derniers-travaux\/#primaryimage"},"thumbnailUrl":"https:\/\/www.domainedurayol.org\/en\/wp-content\/uploads\/sites\/4\/2018\/02\/Fin-des-plantations-\u00a9-Domaine-du-Rayol-Chlo\u00e9-Arregoces-e1519290839645.jpg","datePublished":"2018-02-22T10:04:45+00:00","dateModified":"2018-04-07T12:59:28+00:00","author":{"@id":"https:\/\/www.domainedurayol.org\/en\/#\/schema\/person\/b7a4141345145d06be83b84817bee479"},"breadcrumb":{"@id":"https:\/\/www.domainedurayol.org\/en\/conseil-jardiniers-temps-derniers-travaux\/#breadcrumb"},"inLanguage":"en-EN","potentialAction":[{"@type":"ReadAction","target":["https:\/\/www.domainedurayol.org\/en\/conseil-jardiniers-temps-derniers-travaux\/"]}]},{"@type":"ImageObject","inLanguage":"en-EN","@id":"https:\/\/www.domainedurayol.org\/en\/conseil-jardiniers-temps-derniers-travaux\/#primaryimage","url":"https:\/\/www.domainedurayol.org\/en\/wp-content\/uploads\/sites\/4\/2018\/02\/Fin-des-plantations-\u00a9-Domaine-du-Rayol-Chlo\u00e9-Arregoces-e1519290839645.jpg","contentUrl":"https:\/\/www.domainedurayol.org\/en\/wp-content\/uploads\/sites\/4\/2018\/02\/Fin-des-plantations-\u00a9-Domaine-du-Rayol-Chlo\u00e9-Arregoces-e1519290839645.jpg","width":1000,"height":667,"caption":"Fin des plantations"},{"@type":"BreadcrumbList","@id":"https:\/\/www.domainedurayol.org\/en\/conseil-jardiniers-temps-derniers-travaux\/#breadcrumb","itemListElement":[{"@type":"ListItem","position":1,"name":"Accueil","item":"https:\/\/www.domainedurayol.org\/en\/"},{"@type":"ListItem","position":2,"name":"Le conseil des jardiniers : le temps des derniers travaux"}]},{"@type":"WebSite","@id":"https:\/\/www.domainedurayol.org\/en\/#website","url":"https:\/\/www.domainedurayol.org\/en\/","name":"Domaine du Rayol","description":"Le Jardin des M\u00e9diterran\u00e9es","potentialAction":[{"@type":"SearchAction","target":{"@type":"EntryPoint","urlTemplate":"https:\/\/www.domainedurayol.org\/en\/?s={search_term_string}"},"query-input":{"@type":"PropertyValueSpecification","valueRequired":true,"valueName":"search_term_string"}}],"inLanguage":"en-EN"},{"@type":"Person","@id":"https:\/\/www.domainedurayol.org\/en\/#\/schema\/person\/b7a4141345145d06be83b84817bee479","name":"Julien Barral","image":{"@type":"ImageObject","inLanguage":"en-EN","@id":"https:\/\/www.domainedurayol.org\/en\/#\/schema\/person\/image\/","url":"https:\/\/secure.gravatar.com\/avatar\/b10a5218d707e6dc51c225f3998ec297?s=96&r=g","contentUrl":"https:\/\/secure.gravatar.com\/avatar\/b10a5218d707e6dc51c225f3998ec297?s=96&r=g","caption":"Julien Barral"},"url":"https:\/\/www.domainedurayol.org\/en\/author\/julien-barral\/"}]}},"_links":{"self":[{"href":"https:\/\/www.domainedurayol.org\/en\/wp-json\/wp\/v2\/posts\/5471","targetHints":{"allow":["GET"]}}],"collection":[{"href":"https:\/\/www.domainedurayol.org\/en\/wp-json\/wp\/v2\/posts"}],"about":[{"href":"https:\/\/www.domainedurayol.org\/en\/wp-json\/wp\/v2\/types\/post"}],"author":[{"embeddable":true,"href":"https:\/\/www.domainedurayol.org\/en\/wp-json\/wp\/v2\/users\/2"}],"replies":[{"embeddable":true,"href":"https:\/\/www.domainedurayol.org\/en\/wp-json\/wp\/v2\/comments?post=5471"}],"version-history":[{"count":0,"href":"https:\/\/www.domainedurayol.org\/en\/wp-json\/wp\/v2\/posts\/5471\/revisions"}],"wp:featuredmedia":[{"embeddable":true,"href":"https:\/\/www.domainedurayol.org\/en\/wp-json\/wp\/v2\/media\/5460"}],"wp:attachment":[{"href":"https:\/\/www.domainedurayol.org\/en\/wp-json\/wp\/v2\/media?parent=5471"}],"wp:term":[{"taxonomy":"category","embeddable":true,"href":"https:\/\/www.domainedurayol.org\/en\/wp-json\/wp\/v2\/categories?post=5471"},{"taxonomy":"post_tag","embeddable":true,"href":"https:\/\/www.domainedurayol.org\/en\/wp-json\/wp\/v2\/tags?post=5471"}],"curies":[{"name":"wp","href":"https:\/\/api.w.org\/{rel}","templated":true}]}}