{"id":5232,"date":"2018-01-23T17:54:12","date_gmt":"2018-01-23T16:54:12","guid":{"rendered":"https:\/\/www.domainedurayol.org\/?p=5232"},"modified":"2018-01-23T18:05:43","modified_gmt":"2018-01-23T17:05:43","slug":"plantes-mediterranees-livre-de-francis-halle","status":"publish","type":"post","link":"https:\/\/www.domainedurayol.org\/en\/plantes-mediterranees-livre-de-francis-halle\/","title":{"rendered":"\u00ab Plantes des M\u00e9diterran\u00e9es \u00bb, un livre de Francis Hall\u00e9"},"content":{"rendered":"<p>Botaniste, biologiste, directeur des missions scientifiques du \u00ab Radeau des cimes \u00bb,\u00a0 explorateur des for\u00eats tropicales \u00e9quatoriales qu&#8217;il sillonne depuis quarante ans, carnet de croquis en main, Francis Hall\u00e9 nous invite dans ce livre \u00e0 un voyage illustr\u00e9 \u00e0 la rencontre des plantes des M\u00e9diterran\u00e9es.<\/p>\n<p>Fruit du passage du scientifique au Domaine du Rayol l\u2019hiver dernier, le livre Plantes des M\u00e9diterran\u00e9es &#8211; Domaine du Rayol regroupe une centaine de planches botaniques et paysag\u00e8res r\u00e9alis\u00e9es par Francis Hall\u00e9 au Domaine du Rayol, mais aussi dans la plupart des pays au climat m\u00e9diterran\u00e9en sillonn\u00e9s tout au long de sa carri\u00e8re.<\/p>\n<p>Riche d\u2019une centaine d\u2019illustrations \u00e0 la fois pr\u00e9cises et po\u00e9tiques, les \u00e9tudes de Francis Hall\u00e9 nous emm\u00e8nent \u00e0 la d\u00e9couverte d\u2019un jardin m\u00e9diterran\u00e9en plan\u00e9taire croqu\u00e9 avec bienveillance et \u00e9l\u00e9gance par Francis Hall\u00e9.<\/p>\n<p>Cet ouvrage publi\u00e9 par Museo Editions en septembre 2017 est bien s\u00fbr disponible \u00e0 la <a href=\"https:\/\/www.domainedurayol.org\/le-jardin\/la-librairie-des-jardiniers\/\">Librairie des Jardiniers<\/a>.<\/p>\n","protected":false},"excerpt":{"rendered":"Botaniste, biologiste, directeur des missions scientifiques du \u00ab Radeau des cimes \u00bb,\u00a0 explorateur des for\u00eats tropicales \u00e9quatoriales qu&#8217;il sillonne depuis quarante ans, carnet de croquis en main, Francis Hall\u00e9 nous invite dans ce livre \u00e0 un voyage illustr\u00e9 \u00e0 la rencontre des plantes des M\u00e9diterran\u00e9es. Fruit du passage du scientifique au Domaine du Rayol l\u2019hiver {&#8230;}","protected":false},"author":2,"featured_media":5223,"comment_status":"closed","ping_status":"open","sticky":false,"template":"","format":"standard","meta":{"_acf_changed":false,"footnotes":""},"categories":[1],"tags":[],"class_list":["post-5232","post","type-post","status-publish","format-standard","has-post-thumbnail","hentry","category-actualites"],"acf":[],"yoast_head":"<!-- This site is optimized with the Yoast SEO plugin v24.1 - https:\/\/yoast.com\/wordpress\/plugins\/seo\/ -->\n<title>\u00ab Plantes des M\u00e9diterran\u00e9es \u00bb, un livre de Francis Hall\u00e9 - Domaine du Rayol<\/title>\n<meta name=\"robots\" content=\"index, follow, max-snippet:-1, max-image-preview:large, max-video-preview:-1\" \/>\n<link rel=\"canonical\" href=\"https:\/\/www.domainedurayol.org\/en\/plantes-mediterranees-livre-de-francis-halle\/\" \/>\n<meta property=\"og:locale\" content=\"en_US\" \/>\n<meta property=\"og:type\" content=\"article\" \/>\n<meta property=\"og:title\" content=\"\u00ab Plantes des M\u00e9diterran\u00e9es \u00bb, un livre de Francis Hall\u00e9 - Domaine du Rayol\" \/>\n<meta property=\"og:description\" content=\"Botaniste, biologiste, directeur des missions scientifiques du \u00ab Radeau des cimes \u00bb,\u00a0 explorateur des for\u00eats tropicales \u00e9quatoriales qu&#8217;il sillonne depuis quarante ans, carnet de croquis en main, Francis Hall\u00e9 nous invite dans ce livre \u00e0 un voyage illustr\u00e9 \u00e0 la rencontre des plantes des M\u00e9diterran\u00e9es. Fruit du passage du scientifique au Domaine du Rayol l\u2019hiver {...}\" \/>\n<meta property=\"og:url\" content=\"https:\/\/www.domainedurayol.org\/en\/plantes-mediterranees-livre-de-francis-halle\/\" \/>\n<meta property=\"og:site_name\" content=\"Domaine du Rayol\" \/>\n<meta property=\"article:published_time\" content=\"2018-01-23T16:54:12+00:00\" \/>\n<meta property=\"article:modified_time\" content=\"2018-01-23T17:05:43+00:00\" \/>\n<meta property=\"og:image\" content=\"https:\/\/www.domainedurayol.org\/en\/wp-content\/uploads\/sites\/4\/2018\/01\/9782373750324FS-1.gif\" \/>\n\t<meta property=\"og:image:width\" content=\"532\" \/>\n\t<meta property=\"og:image:height\" content=\"475\" \/>\n\t<meta property=\"og:image:type\" content=\"image\/gif\" \/>\n<meta name=\"author\" content=\"Julien Barral\" \/>\n<meta name=\"twitter:card\" content=\"summary_large_image\" \/>\n<meta name=\"twitter:label1\" content=\"Written by\" \/>\n\t<meta name=\"twitter:data1\" content=\"Julien Barral\" \/>\n\t<meta name=\"twitter:label2\" content=\"Est. reading time\" \/>\n\t<meta name=\"twitter:data2\" content=\"1 minute\" \/>\n<script type=\"application\/ld+json\" class=\"yoast-schema-graph\">{\"@context\":\"https:\/\/schema.org\",\"@graph\":[{\"@type\":\"WebPage\",\"@id\":\"https:\/\/www.domainedurayol.org\/en\/plantes-mediterranees-livre-de-francis-halle\/\",\"url\":\"https:\/\/www.domainedurayol.org\/en\/plantes-mediterranees-livre-de-francis-halle\/\",\"name\":\"\u00ab Plantes des M\u00e9diterran\u00e9es \u00bb, un livre de Francis Hall\u00e9 - Domaine du Rayol\",\"isPartOf\":{\"@id\":\"https:\/\/www.domainedurayol.org\/en\/#website\"},\"primaryImageOfPage\":{\"@id\":\"https:\/\/www.domainedurayol.org\/en\/plantes-mediterranees-livre-de-francis-halle\/#primaryimage\"},\"image\":{\"@id\":\"https:\/\/www.domainedurayol.org\/en\/plantes-mediterranees-livre-de-francis-halle\/#primaryimage\"},\"thumbnailUrl\":\"https:\/\/www.domainedurayol.org\/en\/wp-content\/uploads\/sites\/4\/2018\/01\/9782373750324FS-1.gif\",\"datePublished\":\"2018-01-23T16:54:12+00:00\",\"dateModified\":\"2018-01-23T17:05:43+00:00\",\"author\":{\"@id\":\"https:\/\/www.domainedurayol.org\/en\/#\/schema\/person\/b7a4141345145d06be83b84817bee479\"},\"breadcrumb\":{\"@id\":\"https:\/\/www.domainedurayol.org\/en\/plantes-mediterranees-livre-de-francis-halle\/#breadcrumb\"},\"inLanguage\":\"en-EN\",\"potentialAction\":[{\"@type\":\"ReadAction\",\"target\":[\"https:\/\/www.domainedurayol.org\/en\/plantes-mediterranees-livre-de-francis-halle\/\"]}]},{\"@type\":\"ImageObject\",\"inLanguage\":\"en-EN\",\"@id\":\"https:\/\/www.domainedurayol.org\/en\/plantes-mediterranees-livre-de-francis-halle\/#primaryimage\",\"url\":\"https:\/\/www.domainedurayol.org\/en\/wp-content\/uploads\/sites\/4\/2018\/01\/9782373750324FS-1.gif\",\"contentUrl\":\"https:\/\/www.domainedurayol.org\/en\/wp-content\/uploads\/sites\/4\/2018\/01\/9782373750324FS-1.gif\",\"width\":532,\"height\":475,\"caption\":\"Couverture du libre \\\"Plantes des M\u00e9diterran\u00e9es\\\" de Francis HALLE\"},{\"@type\":\"BreadcrumbList\",\"@id\":\"https:\/\/www.domainedurayol.org\/en\/plantes-mediterranees-livre-de-francis-halle\/#breadcrumb\",\"itemListElement\":[{\"@type\":\"ListItem\",\"position\":1,\"name\":\"Accueil\",\"item\":\"https:\/\/www.domainedurayol.org\/en\/\"},{\"@type\":\"ListItem\",\"position\":2,\"name\":\"\u00ab Plantes des M\u00e9diterran\u00e9es \u00bb, un livre de Francis Hall\u00e9\"}]},{\"@type\":\"WebSite\",\"@id\":\"https:\/\/www.domainedurayol.org\/en\/#website\",\"url\":\"https:\/\/www.domainedurayol.org\/en\/\",\"name\":\"Domaine du Rayol\",\"description\":\"Le Jardin des M\u00e9diterran\u00e9es\",\"potentialAction\":[{\"@type\":\"SearchAction\",\"target\":{\"@type\":\"EntryPoint\",\"urlTemplate\":\"https:\/\/www.domainedurayol.org\/en\/?s={search_term_string}\"},\"query-input\":{\"@type\":\"PropertyValueSpecification\",\"valueRequired\":true,\"valueName\":\"search_term_string\"}}],\"inLanguage\":\"en-EN\"},{\"@type\":\"Person\",\"@id\":\"https:\/\/www.domainedurayol.org\/en\/#\/schema\/person\/b7a4141345145d06be83b84817bee479\",\"name\":\"Julien Barral\",\"image\":{\"@type\":\"ImageObject\",\"inLanguage\":\"en-EN\",\"@id\":\"https:\/\/www.domainedurayol.org\/en\/#\/schema\/person\/image\/\",\"url\":\"https:\/\/secure.gravatar.com\/avatar\/b10a5218d707e6dc51c225f3998ec297?s=96&r=g\",\"contentUrl\":\"https:\/\/secure.gravatar.com\/avatar\/b10a5218d707e6dc51c225f3998ec297?s=96&r=g\",\"caption\":\"Julien Barral\"},\"url\":\"https:\/\/www.domainedurayol.org\/en\/author\/julien-barral\/\"}]}<\/script>\n<!-- \/ Yoast SEO plugin. -->","yoast_head_json":{"title":"\u00ab Plantes des M\u00e9diterran\u00e9es \u00bb, un livre de Francis Hall\u00e9 - Domaine du Rayol","robots":{"index":"index","follow":"follow","max-snippet":"max-snippet:-1","max-image-preview":"max-image-preview:large","max-video-preview":"max-video-preview:-1"},"canonical":"https:\/\/www.domainedurayol.org\/en\/plantes-mediterranees-livre-de-francis-halle\/","og_locale":"en_US","og_type":"article","og_title":"\u00ab Plantes des M\u00e9diterran\u00e9es \u00bb, un livre de Francis Hall\u00e9 - Domaine du Rayol","og_description":"Botaniste, biologiste, directeur des missions scientifiques du \u00ab Radeau des cimes \u00bb,\u00a0 explorateur des for\u00eats tropicales \u00e9quatoriales qu&#8217;il sillonne depuis quarante ans, carnet de croquis en main, Francis Hall\u00e9 nous invite dans ce livre \u00e0 un voyage illustr\u00e9 \u00e0 la rencontre des plantes des M\u00e9diterran\u00e9es. Fruit du passage du scientifique au Domaine du Rayol l\u2019hiver {...}","og_url":"https:\/\/www.domainedurayol.org\/en\/plantes-mediterranees-livre-de-francis-halle\/","og_site_name":"Domaine du Rayol","article_published_time":"2018-01-23T16:54:12+00:00","article_modified_time":"2018-01-23T17:05:43+00:00","og_image":[{"width":532,"height":475,"url":"https:\/\/www.domainedurayol.org\/en\/wp-content\/uploads\/sites\/4\/2018\/01\/9782373750324FS-1.gif","type":"image\/gif"}],"author":"Julien Barral","twitter_card":"summary_large_image","twitter_misc":{"Written by":"Julien Barral","Est. reading time":"1 minute"},"schema":{"@context":"https:\/\/schema.org","@graph":[{"@type":"WebPage","@id":"https:\/\/www.domainedurayol.org\/en\/plantes-mediterranees-livre-de-francis-halle\/","url":"https:\/\/www.domainedurayol.org\/en\/plantes-mediterranees-livre-de-francis-halle\/","name":"\u00ab Plantes des M\u00e9diterran\u00e9es \u00bb, un livre de Francis Hall\u00e9 - Domaine du Rayol","isPartOf":{"@id":"https:\/\/www.domainedurayol.org\/en\/#website"},"primaryImageOfPage":{"@id":"https:\/\/www.domainedurayol.org\/en\/plantes-mediterranees-livre-de-francis-halle\/#primaryimage"},"image":{"@id":"https:\/\/www.domainedurayol.org\/en\/plantes-mediterranees-livre-de-francis-halle\/#primaryimage"},"thumbnailUrl":"https:\/\/www.domainedurayol.org\/en\/wp-content\/uploads\/sites\/4\/2018\/01\/9782373750324FS-1.gif","datePublished":"2018-01-23T16:54:12+00:00","dateModified":"2018-01-23T17:05:43+00:00","author":{"@id":"https:\/\/www.domainedurayol.org\/en\/#\/schema\/person\/b7a4141345145d06be83b84817bee479"},"breadcrumb":{"@id":"https:\/\/www.domainedurayol.org\/en\/plantes-mediterranees-livre-de-francis-halle\/#breadcrumb"},"inLanguage":"en-EN","potentialAction":[{"@type":"ReadAction","target":["https:\/\/www.domainedurayol.org\/en\/plantes-mediterranees-livre-de-francis-halle\/"]}]},{"@type":"ImageObject","inLanguage":"en-EN","@id":"https:\/\/www.domainedurayol.org\/en\/plantes-mediterranees-livre-de-francis-halle\/#primaryimage","url":"https:\/\/www.domainedurayol.org\/en\/wp-content\/uploads\/sites\/4\/2018\/01\/9782373750324FS-1.gif","contentUrl":"https:\/\/www.domainedurayol.org\/en\/wp-content\/uploads\/sites\/4\/2018\/01\/9782373750324FS-1.gif","width":532,"height":475,"caption":"Couverture du libre \"Plantes des M\u00e9diterran\u00e9es\" de Francis HALLE"},{"@type":"BreadcrumbList","@id":"https:\/\/www.domainedurayol.org\/en\/plantes-mediterranees-livre-de-francis-halle\/#breadcrumb","itemListElement":[{"@type":"ListItem","position":1,"name":"Accueil","item":"https:\/\/www.domainedurayol.org\/en\/"},{"@type":"ListItem","position":2,"name":"\u00ab Plantes des M\u00e9diterran\u00e9es \u00bb, un livre de Francis Hall\u00e9"}]},{"@type":"WebSite","@id":"https:\/\/www.domainedurayol.org\/en\/#website","url":"https:\/\/www.domainedurayol.org\/en\/","name":"Domaine du Rayol","description":"Le Jardin des M\u00e9diterran\u00e9es","potentialAction":[{"@type":"SearchAction","target":{"@type":"EntryPoint","urlTemplate":"https:\/\/www.domainedurayol.org\/en\/?s={search_term_string}"},"query-input":{"@type":"PropertyValueSpecification","valueRequired":true,"valueName":"search_term_string"}}],"inLanguage":"en-EN"},{"@type":"Person","@id":"https:\/\/www.domainedurayol.org\/en\/#\/schema\/person\/b7a4141345145d06be83b84817bee479","name":"Julien Barral","image":{"@type":"ImageObject","inLanguage":"en-EN","@id":"https:\/\/www.domainedurayol.org\/en\/#\/schema\/person\/image\/","url":"https:\/\/secure.gravatar.com\/avatar\/b10a5218d707e6dc51c225f3998ec297?s=96&r=g","contentUrl":"https:\/\/secure.gravatar.com\/avatar\/b10a5218d707e6dc51c225f3998ec297?s=96&r=g","caption":"Julien Barral"},"url":"https:\/\/www.domainedurayol.org\/en\/author\/julien-barral\/"}]}},"_links":{"self":[{"href":"https:\/\/www.domainedurayol.org\/en\/wp-json\/wp\/v2\/posts\/5232","targetHints":{"allow":["GET"]}}],"collection":[{"href":"https:\/\/www.domainedurayol.org\/en\/wp-json\/wp\/v2\/posts"}],"about":[{"href":"https:\/\/www.domainedurayol.org\/en\/wp-json\/wp\/v2\/types\/post"}],"author":[{"embeddable":true,"href":"https:\/\/www.domainedurayol.org\/en\/wp-json\/wp\/v2\/users\/2"}],"replies":[{"embeddable":true,"href":"https:\/\/www.domainedurayol.org\/en\/wp-json\/wp\/v2\/comments?post=5232"}],"version-history":[{"count":0,"href":"https:\/\/www.domainedurayol.org\/en\/wp-json\/wp\/v2\/posts\/5232\/revisions"}],"wp:featuredmedia":[{"embeddable":true,"href":"https:\/\/www.domainedurayol.org\/en\/wp-json\/wp\/v2\/media\/5223"}],"wp:attachment":[{"href":"https:\/\/www.domainedurayol.org\/en\/wp-json\/wp\/v2\/media?parent=5232"}],"wp:term":[{"taxonomy":"category","embeddable":true,"href":"https:\/\/www.domainedurayol.org\/en\/wp-json\/wp\/v2\/categories?post=5232"},{"taxonomy":"post_tag","embeddable":true,"href":"https:\/\/www.domainedurayol.org\/en\/wp-json\/wp\/v2\/tags?post=5232"}],"curies":[{"name":"wp","href":"https:\/\/api.w.org\/{rel}","templated":true}]}}