{"id":4509,"date":"2017-10-24T10:31:37","date_gmt":"2017-10-24T08:31:37","guid":{"rendered":"https:\/\/www.domainedurayol.org\/?p=4509"},"modified":"2017-12-02T09:24:16","modified_gmt":"2017-12-02T08:24:16","slug":"moment-jardin-travaux-automne","status":"publish","type":"post","link":"https:\/\/www.domainedurayol.org\/en\/moment-jardin-travaux-automne\/","title":{"rendered":"En ce moment au Jardin : les travaux d&#8217;automne"},"content":{"rendered":"<p>Voil\u00e0 l&#8217;automne, nous l&#8217;avons f\u00eat\u00e9 le premier week-end d&#8217;octobre. Comme chaque ann\u00e9e, \u00e0 la m\u00eame \u00e9poque, c&#8217;\u00e9tait GONDWANA, la F\u00eate des Plantes m\u00e9diterran\u00e9ennes. Cette \u00e9dition a eu beaucoup de succ\u00e8s, avec un public jamais aussi nombreux venu rencontrer les exposants et intervenants. Un moment de convivialit\u00e9 appr\u00e9ci\u00e9 de tous !<\/p>\n<hr \/>\n<h2>Les premiers travaux ont d\u00e9but\u00e9<\/h2>\n<p>Le sol de l&#8217;Ancien Verger s&#8217;en est trouv\u00e9 bien tass\u00e9 et les premiers travaux de la saison ont d\u00e9but\u00e9 par le griffage de la zone concern\u00e9e. A l&#8217;aide du tracteur, puis du motoculteur et enfin des r\u00e2teaux et des bras, nous avons ameubli la terre et enlev\u00e9 les gramin\u00e9es. Ceci dans le but de favoriser certaines germinations, comme celles des graines de pavot qui aiment les sols retourn\u00e9s, et ainsi retrouver une belle prairie fleurie et vari\u00e9e pour le printemps prochain.<\/p>\n<hr \/>\n<h2>Un \u00e9t\u00e9 rude, qui a laiss\u00e9 des marques<\/h2>\n<div id=\"attachment_4501\" style=\"width: 440px\" class=\"wp-caption alignleft\"><a href=\"https:\/\/www.domainedurayol.org\/wp-content\/uploads\/sites\/4\/2017\/10\/Domaine-du-Rayol-1-e1508834605495.jpg\"><img loading=\"lazy\" decoding=\"async\" aria-describedby=\"caption-attachment-4501\" class=\"fancybox wp-image-4501 \" title=\"\u00a9 Domaine du Rayol, Karine SOTON\" src=\"https:\/\/www.domainedurayol.org\/wp-content\/uploads\/sites\/4\/2017\/10\/Domaine-du-Rayol-1-700x467.jpg\" alt=\"Paysage automnal\" width=\"430\" height=\"287\" \/><\/a><p id=\"caption-attachment-4501\" class=\"wp-caption-text\">Paysage automnal<\/p><\/div>\n<p>Les nuits plus longues, plus fra\u00eeches et la douceur ambiante ont fait reverdir les sols un peu partout dans le jardin. L&#8217;oxalis et l&#8217;acanthe pointent timidement leur nez\u2026 Mais ce ne sont pas les couleurs de l&#8217;automne que portent certains arbres et arbustes, la terre est encore bien trop s\u00e8che pour eux. Et quand il n&#8217;y a aucun espoir de voir reverdir certains sujets, on enl\u00e8ve tout ou seulement la partie s\u00e8che en essayant de leur conserver une identit\u00e9 esth\u00e9tique.<br \/>\nDans le <a href=\"https:\/\/www.domainedurayol.org\/le-jardin\/les-paysages-au-fil-du-jardin\/le-jardin-de-californie\/\">paysage de Californie<\/a>, le grand c\u00e9anothe blanc s&#8217;en est trouv\u00e9 bien amaigri, et le vieil\u00a0<em>Acacia vestita\u00a0<\/em>(environ 25 ans), qui souffre de cette s\u00e9cheresse depuis d\u00e9j\u00e0 deux ans, a chang\u00e9 de silhouette.<br \/>\nAu bout du jardin, le maquis et la collection des cistes ont beaucoup souffert. Un jardinier s&#8217;en occupe \u00e0 plein temps : nettoyage, plantations, semis sur place et r\u00e9organisation des emplacements des diff\u00e9rentes esp\u00e8ces en fonction des sols et des expositions.<\/p>\n<hr \/>\n<h2>L\u2019automne, c\u2019est aussi la saison de l\u2019\u00e9lagage<\/h2>\n<div id=\"attachment_4502\" style=\"width: 577px\" class=\"wp-caption aligncenter\"><a href=\"https:\/\/www.domainedurayol.org\/wp-content\/uploads\/sites\/4\/2017\/10\/Domaine-du-Rayol-2-e1508834691544.jpg\"><img loading=\"lazy\" decoding=\"async\" aria-describedby=\"caption-attachment-4502\" class=\"fancybox wp-image-4502 \" title=\"\u00a9 Domaine du Rayol, Karine SOTON\" src=\"https:\/\/www.domainedurayol.org\/wp-content\/uploads\/sites\/4\/2017\/10\/Domaine-du-Rayol-2-700x394.jpg\" alt=\"L\u2019automne, c\u2019est aussi la saison de l\u2019\u00e9lagage\" width=\"567\" height=\"319\" \/><\/a><p id=\"caption-attachment-4502\" class=\"wp-caption-text\">L\u2019automne, c\u2019est aussi la saison de l\u2019\u00e9lagage<\/p><\/div>\n<p>Avant de commencer au Jardin, nous sommes all\u00e9s pour la seconde fois abattre des pins br\u00fbl\u00e9s au Cap Taillat, pins que les gardes du littoral ont ensuite plac\u00e9 en fascines afin de limiter l&#8217;\u00e9rosion des sols.<\/p>\n<p>Le premier arbre \u00e9lagu\u00e9 du Domaine est un gros ch\u00eane-li\u00e8ge mort dans notre zone technique. Apr\u00e8s avoir coup\u00e9 les branches, nous avons gard\u00e9 le tronc et le d\u00e9but des grosses charpenti\u00e8res. On dirait une tr\u00e8s belle trogne qui ne fera, c&#8217;est certain, aucune pousse mais qui sera un luxueux h\u00f4tel \u00e0 insectes ! A ses c\u00f4t\u00e9s, un immense cypr\u00e8s tout en longueur, une colonne grise qui s&#8217;\u00e9lance vers le ciel et qui contraste avec la masse imposante du ch\u00eane&#8230; Pas question de le couper, on a juste enlev\u00e9 quelques branches disgracieuses tout en haut. Mort depuis tr\u00e8s longtemps, mais solidement ancr\u00e9 au sol, il servira peut-\u00eatre pour un projet artistique\u2026<\/p>\n<p>Nous pr\u00e9parons aussi les parcelles en vue des plantations. Dans le <a href=\"https:\/\/www.domainedurayol.org\/le-jardin\/les-paysages-au-fil-du-jardin\/le-jardin-dafrique-du-sud\/\">paysage d&#8217;Afrique du Sud<\/a>, sur le talus des p\u00e9largoniums et des restionac\u00e9es, en dessouchant trois gros chamaerops, nous avons ouvert un bel espace. Et \u00e7a tombe bien ! Comme chaque ann\u00e9e, nous avons discut\u00e9 du devenir du Jardin avec Gilles Cl\u00e9ment, le vendredi 20 octobre lors d&#8217;un comit\u00e9 technique.<\/p>\n<hr \/>\n<h2>Des floraisons en avance<\/h2>\n<div id=\"attachment_4499\" style=\"width: 470px\" class=\"wp-caption alignleft\"><a href=\"https:\/\/www.domainedurayol.org\/wp-content\/uploads\/sites\/4\/2017\/10\/Agave-sp.-1.jpg\"><img loading=\"lazy\" decoding=\"async\" aria-describedby=\"caption-attachment-4499\" class=\"fancybox wp-image-4499 \" title=\"\u00a9 Domaine du Rayol, Karine SOTON\" src=\"https:\/\/www.domainedurayol.org\/wp-content\/uploads\/sites\/4\/2017\/10\/Agave-sp.-1-700x394.jpg\" alt=\"Agave sp. 1\" width=\"460\" height=\"259\" srcset=\"https:\/\/www.domainedurayol.org\/en\/wp-content\/uploads\/sites\/4\/2017\/10\/Agave-sp.-1-700x394.jpg 700w, https:\/\/www.domainedurayol.org\/en\/wp-content\/uploads\/sites\/4\/2017\/10\/Agave-sp.-1-250x141.jpg 250w, https:\/\/www.domainedurayol.org\/en\/wp-content\/uploads\/sites\/4\/2017\/10\/Agave-sp.-1-768x432.jpg 768w, https:\/\/www.domainedurayol.org\/en\/wp-content\/uploads\/sites\/4\/2017\/10\/Agave-sp.-1-400x225.jpg 400w, https:\/\/www.domainedurayol.org\/en\/wp-content\/uploads\/sites\/4\/2017\/10\/Agave-sp.-1-120x67.jpg 120w\" sizes=\"auto, (max-width: 460px) 100vw, 460px\" \/><\/a><p id=\"caption-attachment-4499\" class=\"wp-caption-text\">Agave sp.<\/p><\/div>\n<p>Quelques floraisons dans le Jardin sont un peu en avance ou parfois m\u00eame compl\u00e8tement d\u00e9cal\u00e9es, comme celle d&#8217;un ch\u00eane-li\u00e8ge. Dans le <a href=\"https:\/\/www.domainedurayol.org\/le-jardin\/les-paysages-au-fil-du-jardin\/le-jardin-damerique-aride\/\">paysage d\u2019Am\u00e9rique aride<\/a>, elles continuent de nous surprendre : la hampe florale de l&#8217;agave, enti\u00e8rement pourpre, se couvre progressivement de bas en haut d&#8217;\u00e9tamines jaune-vif ; celle d&#8217;un Dasylirion, elle, se met \u00e0 friser&#8230;<\/p>\n<p style=\"text-align: right;\"><em>Les jardiniers du Domaine du Rayol<\/em><\/p>\n","protected":false},"excerpt":{"rendered":"Voil\u00e0 l&#8217;automne, nous l&#8217;avons f\u00eat\u00e9 le premier week-end d&#8217;octobre. Comme chaque ann\u00e9e, \u00e0 la m\u00eame \u00e9poque, c&#8217;\u00e9tait GONDWANA, la F\u00eate des Plantes m\u00e9diterran\u00e9ennes. Cette \u00e9dition a eu beaucoup de succ\u00e8s, avec un public jamais aussi nombreux venu rencontrer les exposants et intervenants. Un moment de convivialit\u00e9 appr\u00e9ci\u00e9 de tous ! Les premiers travaux ont d\u00e9but\u00e9 {&#8230;}","protected":false},"author":2,"featured_media":4503,"comment_status":"closed","ping_status":"open","sticky":false,"template":"","format":"standard","meta":{"_acf_changed":false,"footnotes":""},"categories":[75],"tags":[],"class_list":["post-4509","post","type-post","status-publish","format-standard","has-post-thumbnail","hentry","category-le-coin-des-jardiniers"],"acf":[],"yoast_head":"<!-- This site is optimized with the Yoast SEO plugin v24.1 - https:\/\/yoast.com\/wordpress\/plugins\/seo\/ -->\n<title>En ce moment au Jardin : les travaux d&#039;automne - Domaine du Rayol<\/title>\n<meta name=\"robots\" content=\"index, follow, max-snippet:-1, max-image-preview:large, max-video-preview:-1\" \/>\n<link rel=\"canonical\" href=\"https:\/\/www.domainedurayol.org\/en\/moment-jardin-travaux-automne\/\" \/>\n<meta property=\"og:locale\" content=\"en_US\" \/>\n<meta property=\"og:type\" content=\"article\" \/>\n<meta property=\"og:title\" content=\"En ce moment au Jardin : les travaux d&#039;automne - Domaine du Rayol\" \/>\n<meta property=\"og:description\" content=\"Voil\u00e0 l&#8217;automne, nous l&#8217;avons f\u00eat\u00e9 le premier week-end d&#8217;octobre. Comme chaque ann\u00e9e, \u00e0 la m\u00eame \u00e9poque, c&#8217;\u00e9tait GONDWANA, la F\u00eate des Plantes m\u00e9diterran\u00e9ennes. Cette \u00e9dition a eu beaucoup de succ\u00e8s, avec un public jamais aussi nombreux venu rencontrer les exposants et intervenants. Un moment de convivialit\u00e9 appr\u00e9ci\u00e9 de tous ! Les premiers travaux ont d\u00e9but\u00e9 {...}\" \/>\n<meta property=\"og:url\" content=\"https:\/\/www.domainedurayol.org\/en\/moment-jardin-travaux-automne\/\" \/>\n<meta property=\"og:site_name\" content=\"Domaine du Rayol\" \/>\n<meta property=\"article:published_time\" content=\"2017-10-24T08:31:37+00:00\" \/>\n<meta property=\"article:modified_time\" content=\"2017-12-02T08:24:16+00:00\" \/>\n<meta property=\"og:image\" content=\"https:\/\/www.domainedurayol.org\/en\/wp-content\/uploads\/sites\/4\/2017\/10\/Domaine-du-Rayol-3-e1508834715939.jpg\" \/>\n\t<meta property=\"og:image:width\" content=\"1000\" \/>\n\t<meta property=\"og:image:height\" content=\"562\" \/>\n\t<meta property=\"og:image:type\" content=\"image\/jpeg\" \/>\n<meta name=\"author\" content=\"Julien Barral\" \/>\n<meta name=\"twitter:card\" content=\"summary_large_image\" \/>\n<meta name=\"twitter:label1\" content=\"Written by\" \/>\n\t<meta name=\"twitter:data1\" content=\"Julien Barral\" \/>\n\t<meta name=\"twitter:label2\" content=\"Est. reading time\" \/>\n\t<meta name=\"twitter:data2\" content=\"3 minutes\" \/>\n<script type=\"application\/ld+json\" class=\"yoast-schema-graph\">{\"@context\":\"https:\/\/schema.org\",\"@graph\":[{\"@type\":\"WebPage\",\"@id\":\"https:\/\/www.domainedurayol.org\/en\/moment-jardin-travaux-automne\/\",\"url\":\"https:\/\/www.domainedurayol.org\/en\/moment-jardin-travaux-automne\/\",\"name\":\"En ce moment au Jardin : les travaux d'automne - Domaine du Rayol\",\"isPartOf\":{\"@id\":\"https:\/\/www.domainedurayol.org\/en\/#website\"},\"primaryImageOfPage\":{\"@id\":\"https:\/\/www.domainedurayol.org\/en\/moment-jardin-travaux-automne\/#primaryimage\"},\"image\":{\"@id\":\"https:\/\/www.domainedurayol.org\/en\/moment-jardin-travaux-automne\/#primaryimage\"},\"thumbnailUrl\":\"https:\/\/www.domainedurayol.org\/en\/wp-content\/uploads\/sites\/4\/2017\/10\/Domaine-du-Rayol-3-e1508834715939.jpg\",\"datePublished\":\"2017-10-24T08:31:37+00:00\",\"dateModified\":\"2017-12-02T08:24:16+00:00\",\"author\":{\"@id\":\"https:\/\/www.domainedurayol.org\/en\/#\/schema\/person\/b7a4141345145d06be83b84817bee479\"},\"breadcrumb\":{\"@id\":\"https:\/\/www.domainedurayol.org\/en\/moment-jardin-travaux-automne\/#breadcrumb\"},\"inLanguage\":\"en-EN\",\"potentialAction\":[{\"@type\":\"ReadAction\",\"target\":[\"https:\/\/www.domainedurayol.org\/en\/moment-jardin-travaux-automne\/\"]}]},{\"@type\":\"ImageObject\",\"inLanguage\":\"en-EN\",\"@id\":\"https:\/\/www.domainedurayol.org\/en\/moment-jardin-travaux-automne\/#primaryimage\",\"url\":\"https:\/\/www.domainedurayol.org\/en\/wp-content\/uploads\/sites\/4\/2017\/10\/Domaine-du-Rayol-3-e1508834715939.jpg\",\"contentUrl\":\"https:\/\/www.domainedurayol.org\/en\/wp-content\/uploads\/sites\/4\/2017\/10\/Domaine-du-Rayol-3-e1508834715939.jpg\",\"width\":1000,\"height\":562,\"caption\":\"Paysage automnal\"},{\"@type\":\"BreadcrumbList\",\"@id\":\"https:\/\/www.domainedurayol.org\/en\/moment-jardin-travaux-automne\/#breadcrumb\",\"itemListElement\":[{\"@type\":\"ListItem\",\"position\":1,\"name\":\"Accueil\",\"item\":\"https:\/\/www.domainedurayol.org\/en\/\"},{\"@type\":\"ListItem\",\"position\":2,\"name\":\"En ce moment au Jardin : les travaux d&#8217;automne\"}]},{\"@type\":\"WebSite\",\"@id\":\"https:\/\/www.domainedurayol.org\/en\/#website\",\"url\":\"https:\/\/www.domainedurayol.org\/en\/\",\"name\":\"Domaine du Rayol\",\"description\":\"Le Jardin des M\u00e9diterran\u00e9es\",\"potentialAction\":[{\"@type\":\"SearchAction\",\"target\":{\"@type\":\"EntryPoint\",\"urlTemplate\":\"https:\/\/www.domainedurayol.org\/en\/?s={search_term_string}\"},\"query-input\":{\"@type\":\"PropertyValueSpecification\",\"valueRequired\":true,\"valueName\":\"search_term_string\"}}],\"inLanguage\":\"en-EN\"},{\"@type\":\"Person\",\"@id\":\"https:\/\/www.domainedurayol.org\/en\/#\/schema\/person\/b7a4141345145d06be83b84817bee479\",\"name\":\"Julien Barral\",\"image\":{\"@type\":\"ImageObject\",\"inLanguage\":\"en-EN\",\"@id\":\"https:\/\/www.domainedurayol.org\/en\/#\/schema\/person\/image\/\",\"url\":\"https:\/\/secure.gravatar.com\/avatar\/b10a5218d707e6dc51c225f3998ec297?s=96&r=g\",\"contentUrl\":\"https:\/\/secure.gravatar.com\/avatar\/b10a5218d707e6dc51c225f3998ec297?s=96&r=g\",\"caption\":\"Julien Barral\"},\"url\":\"https:\/\/www.domainedurayol.org\/en\/author\/julien-barral\/\"}]}<\/script>\n<!-- \/ Yoast SEO plugin. -->","yoast_head_json":{"title":"En ce moment au Jardin : les travaux d'automne - Domaine du Rayol","robots":{"index":"index","follow":"follow","max-snippet":"max-snippet:-1","max-image-preview":"max-image-preview:large","max-video-preview":"max-video-preview:-1"},"canonical":"https:\/\/www.domainedurayol.org\/en\/moment-jardin-travaux-automne\/","og_locale":"en_US","og_type":"article","og_title":"En ce moment au Jardin : les travaux d'automne - Domaine du Rayol","og_description":"Voil\u00e0 l&#8217;automne, nous l&#8217;avons f\u00eat\u00e9 le premier week-end d&#8217;octobre. Comme chaque ann\u00e9e, \u00e0 la m\u00eame \u00e9poque, c&#8217;\u00e9tait GONDWANA, la F\u00eate des Plantes m\u00e9diterran\u00e9ennes. Cette \u00e9dition a eu beaucoup de succ\u00e8s, avec un public jamais aussi nombreux venu rencontrer les exposants et intervenants. Un moment de convivialit\u00e9 appr\u00e9ci\u00e9 de tous ! Les premiers travaux ont d\u00e9but\u00e9 {...}","og_url":"https:\/\/www.domainedurayol.org\/en\/moment-jardin-travaux-automne\/","og_site_name":"Domaine du Rayol","article_published_time":"2017-10-24T08:31:37+00:00","article_modified_time":"2017-12-02T08:24:16+00:00","og_image":[{"width":1000,"height":562,"url":"https:\/\/www.domainedurayol.org\/en\/wp-content\/uploads\/sites\/4\/2017\/10\/Domaine-du-Rayol-3-e1508834715939.jpg","type":"image\/jpeg"}],"author":"Julien Barral","twitter_card":"summary_large_image","twitter_misc":{"Written by":"Julien Barral","Est. reading time":"3 minutes"},"schema":{"@context":"https:\/\/schema.org","@graph":[{"@type":"WebPage","@id":"https:\/\/www.domainedurayol.org\/en\/moment-jardin-travaux-automne\/","url":"https:\/\/www.domainedurayol.org\/en\/moment-jardin-travaux-automne\/","name":"En ce moment au Jardin : les travaux d'automne - Domaine du Rayol","isPartOf":{"@id":"https:\/\/www.domainedurayol.org\/en\/#website"},"primaryImageOfPage":{"@id":"https:\/\/www.domainedurayol.org\/en\/moment-jardin-travaux-automne\/#primaryimage"},"image":{"@id":"https:\/\/www.domainedurayol.org\/en\/moment-jardin-travaux-automne\/#primaryimage"},"thumbnailUrl":"https:\/\/www.domainedurayol.org\/en\/wp-content\/uploads\/sites\/4\/2017\/10\/Domaine-du-Rayol-3-e1508834715939.jpg","datePublished":"2017-10-24T08:31:37+00:00","dateModified":"2017-12-02T08:24:16+00:00","author":{"@id":"https:\/\/www.domainedurayol.org\/en\/#\/schema\/person\/b7a4141345145d06be83b84817bee479"},"breadcrumb":{"@id":"https:\/\/www.domainedurayol.org\/en\/moment-jardin-travaux-automne\/#breadcrumb"},"inLanguage":"en-EN","potentialAction":[{"@type":"ReadAction","target":["https:\/\/www.domainedurayol.org\/en\/moment-jardin-travaux-automne\/"]}]},{"@type":"ImageObject","inLanguage":"en-EN","@id":"https:\/\/www.domainedurayol.org\/en\/moment-jardin-travaux-automne\/#primaryimage","url":"https:\/\/www.domainedurayol.org\/en\/wp-content\/uploads\/sites\/4\/2017\/10\/Domaine-du-Rayol-3-e1508834715939.jpg","contentUrl":"https:\/\/www.domainedurayol.org\/en\/wp-content\/uploads\/sites\/4\/2017\/10\/Domaine-du-Rayol-3-e1508834715939.jpg","width":1000,"height":562,"caption":"Paysage automnal"},{"@type":"BreadcrumbList","@id":"https:\/\/www.domainedurayol.org\/en\/moment-jardin-travaux-automne\/#breadcrumb","itemListElement":[{"@type":"ListItem","position":1,"name":"Accueil","item":"https:\/\/www.domainedurayol.org\/en\/"},{"@type":"ListItem","position":2,"name":"En ce moment au Jardin : les travaux d&#8217;automne"}]},{"@type":"WebSite","@id":"https:\/\/www.domainedurayol.org\/en\/#website","url":"https:\/\/www.domainedurayol.org\/en\/","name":"Domaine du Rayol","description":"Le Jardin des M\u00e9diterran\u00e9es","potentialAction":[{"@type":"SearchAction","target":{"@type":"EntryPoint","urlTemplate":"https:\/\/www.domainedurayol.org\/en\/?s={search_term_string}"},"query-input":{"@type":"PropertyValueSpecification","valueRequired":true,"valueName":"search_term_string"}}],"inLanguage":"en-EN"},{"@type":"Person","@id":"https:\/\/www.domainedurayol.org\/en\/#\/schema\/person\/b7a4141345145d06be83b84817bee479","name":"Julien Barral","image":{"@type":"ImageObject","inLanguage":"en-EN","@id":"https:\/\/www.domainedurayol.org\/en\/#\/schema\/person\/image\/","url":"https:\/\/secure.gravatar.com\/avatar\/b10a5218d707e6dc51c225f3998ec297?s=96&r=g","contentUrl":"https:\/\/secure.gravatar.com\/avatar\/b10a5218d707e6dc51c225f3998ec297?s=96&r=g","caption":"Julien Barral"},"url":"https:\/\/www.domainedurayol.org\/en\/author\/julien-barral\/"}]}},"_links":{"self":[{"href":"https:\/\/www.domainedurayol.org\/en\/wp-json\/wp\/v2\/posts\/4509","targetHints":{"allow":["GET"]}}],"collection":[{"href":"https:\/\/www.domainedurayol.org\/en\/wp-json\/wp\/v2\/posts"}],"about":[{"href":"https:\/\/www.domainedurayol.org\/en\/wp-json\/wp\/v2\/types\/post"}],"author":[{"embeddable":true,"href":"https:\/\/www.domainedurayol.org\/en\/wp-json\/wp\/v2\/users\/2"}],"replies":[{"embeddable":true,"href":"https:\/\/www.domainedurayol.org\/en\/wp-json\/wp\/v2\/comments?post=4509"}],"version-history":[{"count":0,"href":"https:\/\/www.domainedurayol.org\/en\/wp-json\/wp\/v2\/posts\/4509\/revisions"}],"wp:featuredmedia":[{"embeddable":true,"href":"https:\/\/www.domainedurayol.org\/en\/wp-json\/wp\/v2\/media\/4503"}],"wp:attachment":[{"href":"https:\/\/www.domainedurayol.org\/en\/wp-json\/wp\/v2\/media?parent=4509"}],"wp:term":[{"taxonomy":"category","embeddable":true,"href":"https:\/\/www.domainedurayol.org\/en\/wp-json\/wp\/v2\/categories?post=4509"},{"taxonomy":"post_tag","embeddable":true,"href":"https:\/\/www.domainedurayol.org\/en\/wp-json\/wp\/v2\/tags?post=4509"}],"curies":[{"name":"wp","href":"https:\/\/api.w.org\/{rel}","templated":true}]}}