{"id":3932,"date":"2017-11-20T17:34:39","date_gmt":"2017-11-20T16:34:39","guid":{"rendered":"https:\/\/www.domainedurayol.org\/?p=3932"},"modified":"2017-11-21T12:38:14","modified_gmt":"2017-11-21T11:38:14","slug":"exposition-de-latelier-de-peinture-dartistes-rayol-canadel","status":"publish","type":"post","link":"https:\/\/www.domainedurayol.org\/en\/exposition-de-latelier-de-peinture-dartistes-rayol-canadel\/","title":{"rendered":"Exposition de l&#8217;Atelier de peinture et d&#8217;Artistes du Rayol-Canadel"},"content":{"rendered":"<p><img loading=\"lazy\" decoding=\"async\" width=\"250\" height=\"357\" class=\"size-medium wp-image-4847 alignleft\" src=\"https:\/\/www.domainedurayol.org\/wp-content\/uploads\/sites\/4\/2017\/08\/Af.-expo-d\u00e9c.2017-recadr\u00e9e-250x357.jpg\" alt=\"\" srcset=\"https:\/\/www.domainedurayol.org\/en\/wp-content\/uploads\/sites\/4\/2017\/08\/Af.-expo-d\u00e9c.2017-recadr\u00e9e-250x357.jpg 250w, https:\/\/www.domainedurayol.org\/en\/wp-content\/uploads\/sites\/4\/2017\/08\/Af.-expo-d\u00e9c.2017-recadr\u00e9e-768x1097.jpg 768w, https:\/\/www.domainedurayol.org\/en\/wp-content\/uploads\/sites\/4\/2017\/08\/Af.-expo-d\u00e9c.2017-recadr\u00e9e-700x1000.jpg 700w, https:\/\/www.domainedurayol.org\/en\/wp-content\/uploads\/sites\/4\/2017\/08\/Af.-expo-d\u00e9c.2017-recadr\u00e9e-400x571.jpg 400w, https:\/\/www.domainedurayol.org\/en\/wp-content\/uploads\/sites\/4\/2017\/08\/Af.-expo-d\u00e9c.2017-recadr\u00e9e-120x171.jpg 120w, https:\/\/www.domainedurayol.org\/en\/wp-content\/uploads\/sites\/4\/2017\/08\/Af.-expo-d\u00e9c.2017-recadr\u00e9e.jpg 1750w\" sizes=\"auto, (max-width: 250px) 100vw, 250px\" \/><\/p>\n<p>A l&#8217;occasion de la <a href=\"https:\/\/www.domainedurayol.org\/evenement\/fete-hiver\/?date=2017-12-02\">F\u00eate de l&#8217;Hiver 2017<\/a> qui se tiendra les 2 et 3 d\u00e9cembre 2017, le Domaine du Rayol accueille une exposition de l&#8217;Atelier de peinture du Rayol-Canadel. Cette exposition met en valeur le travail remarquable des diff\u00e9rents artistes qui font vivre cet atelier \u00e0 l&#8217;ann\u00e9e.<\/p>\n<h4>Infos pratiques :<\/h4>\n<p>Ouverture de l&#8217;exposition : 14h30 &#8211; 17h30<br \/>\nGratuit pour tous durant ces deux journ\u00e9es.<\/p>\n","protected":false},"excerpt":{"rendered":"A l&#8217;occasion de la F\u00eate de l&#8217;Hiver 2017 qui se tiendra les 2 et 3 d\u00e9cembre 2017, le Domaine du Rayol accueille une exposition de l&#8217;Atelier de peinture du Rayol-Canadel. Cette exposition met en valeur le travail remarquable des diff\u00e9rents artistes qui font vivre cet atelier \u00e0 l&#8217;ann\u00e9e. Infos pratiques : Ouverture de l&#8217;exposition : {&#8230;}","protected":false},"author":2,"featured_media":3930,"comment_status":"closed","ping_status":"open","sticky":false,"template":"","format":"standard","meta":{"_acf_changed":false,"footnotes":""},"categories":[76],"tags":[],"class_list":["post-3932","post","type-post","status-publish","format-standard","has-post-thumbnail","hentry","category-les-evenements-festifs"],"acf":[],"yoast_head":"<!-- This site is optimized with the Yoast SEO plugin v24.1 - https:\/\/yoast.com\/wordpress\/plugins\/seo\/ -->\n<title>Exposition de l&#039;Atelier de peinture et d&#039;Artistes du Rayol-Canadel - Domaine du Rayol<\/title>\n<meta name=\"robots\" content=\"index, follow, max-snippet:-1, max-image-preview:large, max-video-preview:-1\" \/>\n<link rel=\"canonical\" href=\"https:\/\/www.domainedurayol.org\/en\/exposition-de-latelier-de-peinture-dartistes-rayol-canadel\/\" \/>\n<meta property=\"og:locale\" content=\"en_US\" \/>\n<meta property=\"og:type\" content=\"article\" \/>\n<meta property=\"og:title\" content=\"Exposition de l&#039;Atelier de peinture et d&#039;Artistes du Rayol-Canadel - Domaine du Rayol\" \/>\n<meta property=\"og:description\" content=\"A l&#8217;occasion de la F\u00eate de l&#8217;Hiver 2017 qui se tiendra les 2 et 3 d\u00e9cembre 2017, le Domaine du Rayol accueille une exposition de l&#8217;Atelier de peinture du Rayol-Canadel. Cette exposition met en valeur le travail remarquable des diff\u00e9rents artistes qui font vivre cet atelier \u00e0 l&#8217;ann\u00e9e. Infos pratiques : Ouverture de l&#8217;exposition : {...}\" \/>\n<meta property=\"og:url\" content=\"https:\/\/www.domainedurayol.org\/en\/exposition-de-latelier-de-peinture-dartistes-rayol-canadel\/\" \/>\n<meta property=\"og:site_name\" content=\"Domaine du Rayol\" \/>\n<meta property=\"article:published_time\" content=\"2017-11-20T16:34:39+00:00\" \/>\n<meta property=\"article:modified_time\" content=\"2017-11-21T11:38:14+00:00\" \/>\n<meta property=\"og:image\" content=\"https:\/\/www.domainedurayol.org\/en\/wp-content\/uploads\/sites\/4\/2017\/08\/Affiche-Rayol-\u00e9t\u00e9-2017-bis.jpg\" \/>\n\t<meta property=\"og:image:width\" content=\"2975\" \/>\n\t<meta property=\"og:image:height\" content=\"1048\" \/>\n\t<meta property=\"og:image:type\" content=\"image\/jpeg\" \/>\n<meta name=\"author\" content=\"Julien Barral\" \/>\n<meta name=\"twitter:card\" content=\"summary_large_image\" \/>\n<meta name=\"twitter:label1\" content=\"Written by\" \/>\n\t<meta name=\"twitter:data1\" content=\"Julien Barral\" \/>\n<script type=\"application\/ld+json\" class=\"yoast-schema-graph\">{\"@context\":\"https:\/\/schema.org\",\"@graph\":[{\"@type\":\"WebPage\",\"@id\":\"https:\/\/www.domainedurayol.org\/en\/exposition-de-latelier-de-peinture-dartistes-rayol-canadel\/\",\"url\":\"https:\/\/www.domainedurayol.org\/en\/exposition-de-latelier-de-peinture-dartistes-rayol-canadel\/\",\"name\":\"Exposition de l'Atelier de peinture et d'Artistes du Rayol-Canadel - Domaine du Rayol\",\"isPartOf\":{\"@id\":\"https:\/\/www.domainedurayol.org\/en\/#website\"},\"primaryImageOfPage\":{\"@id\":\"https:\/\/www.domainedurayol.org\/en\/exposition-de-latelier-de-peinture-dartistes-rayol-canadel\/#primaryimage\"},\"image\":{\"@id\":\"https:\/\/www.domainedurayol.org\/en\/exposition-de-latelier-de-peinture-dartistes-rayol-canadel\/#primaryimage\"},\"thumbnailUrl\":\"https:\/\/www.domainedurayol.org\/en\/wp-content\/uploads\/sites\/4\/2017\/08\/Affiche-Rayol-\u00e9t\u00e9-2017-bis.jpg\",\"datePublished\":\"2017-11-20T16:34:39+00:00\",\"dateModified\":\"2017-11-21T11:38:14+00:00\",\"author\":{\"@id\":\"https:\/\/www.domainedurayol.org\/en\/#\/schema\/person\/b7a4141345145d06be83b84817bee479\"},\"breadcrumb\":{\"@id\":\"https:\/\/www.domainedurayol.org\/en\/exposition-de-latelier-de-peinture-dartistes-rayol-canadel\/#breadcrumb\"},\"inLanguage\":\"en-EN\",\"potentialAction\":[{\"@type\":\"ReadAction\",\"target\":[\"https:\/\/www.domainedurayol.org\/en\/exposition-de-latelier-de-peinture-dartistes-rayol-canadel\/\"]}]},{\"@type\":\"ImageObject\",\"inLanguage\":\"en-EN\",\"@id\":\"https:\/\/www.domainedurayol.org\/en\/exposition-de-latelier-de-peinture-dartistes-rayol-canadel\/#primaryimage\",\"url\":\"https:\/\/www.domainedurayol.org\/en\/wp-content\/uploads\/sites\/4\/2017\/08\/Affiche-Rayol-\u00e9t\u00e9-2017-bis.jpg\",\"contentUrl\":\"https:\/\/www.domainedurayol.org\/en\/wp-content\/uploads\/sites\/4\/2017\/08\/Affiche-Rayol-\u00e9t\u00e9-2017-bis.jpg\",\"width\":2975,\"height\":1048},{\"@type\":\"BreadcrumbList\",\"@id\":\"https:\/\/www.domainedurayol.org\/en\/exposition-de-latelier-de-peinture-dartistes-rayol-canadel\/#breadcrumb\",\"itemListElement\":[{\"@type\":\"ListItem\",\"position\":1,\"name\":\"Accueil\",\"item\":\"https:\/\/www.domainedurayol.org\/en\/\"},{\"@type\":\"ListItem\",\"position\":2,\"name\":\"Exposition de l&#8217;Atelier de peinture et d&#8217;Artistes du Rayol-Canadel\"}]},{\"@type\":\"WebSite\",\"@id\":\"https:\/\/www.domainedurayol.org\/en\/#website\",\"url\":\"https:\/\/www.domainedurayol.org\/en\/\",\"name\":\"Domaine du Rayol\",\"description\":\"Le Jardin des M\u00e9diterran\u00e9es\",\"potentialAction\":[{\"@type\":\"SearchAction\",\"target\":{\"@type\":\"EntryPoint\",\"urlTemplate\":\"https:\/\/www.domainedurayol.org\/en\/?s={search_term_string}\"},\"query-input\":{\"@type\":\"PropertyValueSpecification\",\"valueRequired\":true,\"valueName\":\"search_term_string\"}}],\"inLanguage\":\"en-EN\"},{\"@type\":\"Person\",\"@id\":\"https:\/\/www.domainedurayol.org\/en\/#\/schema\/person\/b7a4141345145d06be83b84817bee479\",\"name\":\"Julien Barral\",\"image\":{\"@type\":\"ImageObject\",\"inLanguage\":\"en-EN\",\"@id\":\"https:\/\/www.domainedurayol.org\/en\/#\/schema\/person\/image\/\",\"url\":\"https:\/\/secure.gravatar.com\/avatar\/b10a5218d707e6dc51c225f3998ec297?s=96&r=g\",\"contentUrl\":\"https:\/\/secure.gravatar.com\/avatar\/b10a5218d707e6dc51c225f3998ec297?s=96&r=g\",\"caption\":\"Julien Barral\"},\"url\":\"https:\/\/www.domainedurayol.org\/en\/author\/julien-barral\/\"}]}<\/script>\n<!-- \/ Yoast SEO plugin. -->","yoast_head_json":{"title":"Exposition de l'Atelier de peinture et d'Artistes du Rayol-Canadel - Domaine du Rayol","robots":{"index":"index","follow":"follow","max-snippet":"max-snippet:-1","max-image-preview":"max-image-preview:large","max-video-preview":"max-video-preview:-1"},"canonical":"https:\/\/www.domainedurayol.org\/en\/exposition-de-latelier-de-peinture-dartistes-rayol-canadel\/","og_locale":"en_US","og_type":"article","og_title":"Exposition de l'Atelier de peinture et d'Artistes du Rayol-Canadel - Domaine du Rayol","og_description":"A l&#8217;occasion de la F\u00eate de l&#8217;Hiver 2017 qui se tiendra les 2 et 3 d\u00e9cembre 2017, le Domaine du Rayol accueille une exposition de l&#8217;Atelier de peinture du Rayol-Canadel. Cette exposition met en valeur le travail remarquable des diff\u00e9rents artistes qui font vivre cet atelier \u00e0 l&#8217;ann\u00e9e. Infos pratiques : Ouverture de l&#8217;exposition : {...}","og_url":"https:\/\/www.domainedurayol.org\/en\/exposition-de-latelier-de-peinture-dartistes-rayol-canadel\/","og_site_name":"Domaine du Rayol","article_published_time":"2017-11-20T16:34:39+00:00","article_modified_time":"2017-11-21T11:38:14+00:00","og_image":[{"width":2975,"height":1048,"url":"https:\/\/www.domainedurayol.org\/en\/wp-content\/uploads\/sites\/4\/2017\/08\/Affiche-Rayol-\u00e9t\u00e9-2017-bis.jpg","type":"image\/jpeg"}],"author":"Julien Barral","twitter_card":"summary_large_image","twitter_misc":{"Written by":"Julien Barral"},"schema":{"@context":"https:\/\/schema.org","@graph":[{"@type":"WebPage","@id":"https:\/\/www.domainedurayol.org\/en\/exposition-de-latelier-de-peinture-dartistes-rayol-canadel\/","url":"https:\/\/www.domainedurayol.org\/en\/exposition-de-latelier-de-peinture-dartistes-rayol-canadel\/","name":"Exposition de l'Atelier de peinture et d'Artistes du Rayol-Canadel - Domaine du Rayol","isPartOf":{"@id":"https:\/\/www.domainedurayol.org\/en\/#website"},"primaryImageOfPage":{"@id":"https:\/\/www.domainedurayol.org\/en\/exposition-de-latelier-de-peinture-dartistes-rayol-canadel\/#primaryimage"},"image":{"@id":"https:\/\/www.domainedurayol.org\/en\/exposition-de-latelier-de-peinture-dartistes-rayol-canadel\/#primaryimage"},"thumbnailUrl":"https:\/\/www.domainedurayol.org\/en\/wp-content\/uploads\/sites\/4\/2017\/08\/Affiche-Rayol-\u00e9t\u00e9-2017-bis.jpg","datePublished":"2017-11-20T16:34:39+00:00","dateModified":"2017-11-21T11:38:14+00:00","author":{"@id":"https:\/\/www.domainedurayol.org\/en\/#\/schema\/person\/b7a4141345145d06be83b84817bee479"},"breadcrumb":{"@id":"https:\/\/www.domainedurayol.org\/en\/exposition-de-latelier-de-peinture-dartistes-rayol-canadel\/#breadcrumb"},"inLanguage":"en-EN","potentialAction":[{"@type":"ReadAction","target":["https:\/\/www.domainedurayol.org\/en\/exposition-de-latelier-de-peinture-dartistes-rayol-canadel\/"]}]},{"@type":"ImageObject","inLanguage":"en-EN","@id":"https:\/\/www.domainedurayol.org\/en\/exposition-de-latelier-de-peinture-dartistes-rayol-canadel\/#primaryimage","url":"https:\/\/www.domainedurayol.org\/en\/wp-content\/uploads\/sites\/4\/2017\/08\/Affiche-Rayol-\u00e9t\u00e9-2017-bis.jpg","contentUrl":"https:\/\/www.domainedurayol.org\/en\/wp-content\/uploads\/sites\/4\/2017\/08\/Affiche-Rayol-\u00e9t\u00e9-2017-bis.jpg","width":2975,"height":1048},{"@type":"BreadcrumbList","@id":"https:\/\/www.domainedurayol.org\/en\/exposition-de-latelier-de-peinture-dartistes-rayol-canadel\/#breadcrumb","itemListElement":[{"@type":"ListItem","position":1,"name":"Accueil","item":"https:\/\/www.domainedurayol.org\/en\/"},{"@type":"ListItem","position":2,"name":"Exposition de l&#8217;Atelier de peinture et d&#8217;Artistes du Rayol-Canadel"}]},{"@type":"WebSite","@id":"https:\/\/www.domainedurayol.org\/en\/#website","url":"https:\/\/www.domainedurayol.org\/en\/","name":"Domaine du Rayol","description":"Le Jardin des M\u00e9diterran\u00e9es","potentialAction":[{"@type":"SearchAction","target":{"@type":"EntryPoint","urlTemplate":"https:\/\/www.domainedurayol.org\/en\/?s={search_term_string}"},"query-input":{"@type":"PropertyValueSpecification","valueRequired":true,"valueName":"search_term_string"}}],"inLanguage":"en-EN"},{"@type":"Person","@id":"https:\/\/www.domainedurayol.org\/en\/#\/schema\/person\/b7a4141345145d06be83b84817bee479","name":"Julien Barral","image":{"@type":"ImageObject","inLanguage":"en-EN","@id":"https:\/\/www.domainedurayol.org\/en\/#\/schema\/person\/image\/","url":"https:\/\/secure.gravatar.com\/avatar\/b10a5218d707e6dc51c225f3998ec297?s=96&r=g","contentUrl":"https:\/\/secure.gravatar.com\/avatar\/b10a5218d707e6dc51c225f3998ec297?s=96&r=g","caption":"Julien Barral"},"url":"https:\/\/www.domainedurayol.org\/en\/author\/julien-barral\/"}]}},"_links":{"self":[{"href":"https:\/\/www.domainedurayol.org\/en\/wp-json\/wp\/v2\/posts\/3932","targetHints":{"allow":["GET"]}}],"collection":[{"href":"https:\/\/www.domainedurayol.org\/en\/wp-json\/wp\/v2\/posts"}],"about":[{"href":"https:\/\/www.domainedurayol.org\/en\/wp-json\/wp\/v2\/types\/post"}],"author":[{"embeddable":true,"href":"https:\/\/www.domainedurayol.org\/en\/wp-json\/wp\/v2\/users\/2"}],"replies":[{"embeddable":true,"href":"https:\/\/www.domainedurayol.org\/en\/wp-json\/wp\/v2\/comments?post=3932"}],"version-history":[{"count":0,"href":"https:\/\/www.domainedurayol.org\/en\/wp-json\/wp\/v2\/posts\/3932\/revisions"}],"wp:featuredmedia":[{"embeddable":true,"href":"https:\/\/www.domainedurayol.org\/en\/wp-json\/wp\/v2\/media\/3930"}],"wp:attachment":[{"href":"https:\/\/www.domainedurayol.org\/en\/wp-json\/wp\/v2\/media?parent=3932"}],"wp:term":[{"taxonomy":"category","embeddable":true,"href":"https:\/\/www.domainedurayol.org\/en\/wp-json\/wp\/v2\/categories?post=3932"},{"taxonomy":"post_tag","embeddable":true,"href":"https:\/\/www.domainedurayol.org\/en\/wp-json\/wp\/v2\/tags?post=3932"}],"curies":[{"name":"wp","href":"https:\/\/api.w.org\/{rel}","templated":true}]}}