{"id":3547,"date":"2017-06-29T17:53:32","date_gmt":"2017-06-29T15:53:32","guid":{"rendered":"https:\/\/www.domainedurayol.org\/?p=3547"},"modified":"2017-08-09T09:43:36","modified_gmt":"2017-08-09T07:43:36","slug":"conseil-jardiniers-repos-estival","status":"publish","type":"post","link":"https:\/\/www.domainedurayol.org\/en\/conseil-jardiniers-repos-estival\/","title":{"rendered":"Le conseil des jardiniers : le repos estival"},"content":{"rendered":"<p>En cette fin du mois de juin, les temp\u00e9ratures ont atteint des sommets. Plus de 30\u00b0C sur la c\u00f4te m\u00e9diterran\u00e9enne, c\u2019est assez rare. La mer permet, en g\u00e9n\u00e9ral, de r\u00e9guler ces temp\u00e9ratures extr\u00eames, que ce soit l&#8217;hiver ou l&#8217;\u00e9t\u00e9.<br \/>\nAjout\u00e9e \u00e0 cela, une s\u00e9cheresse tr\u00e8s prononc\u00e9e (- de 200 mm de pr\u00e9cipitations depuis le d\u00e9but de l&#8217;ann\u00e9e) et vous obtenez un cocktail id\u00e9al pour que les plantes\u00a0m\u00e9diterran\u00e9ennes, en \u00e9t\u00e9, rentrent en l\u00e9thargie plus t\u00f4t que pr\u00e9vu.<br \/>\nM\u00eame s&#8217;ils y sont habitu\u00e9s, cette p\u00e9riode de l&#8217;ann\u00e9e est la plus stressante pour les plantes du jardin. En effet, les hivers sur la c\u00f4te sont, en r\u00e8gle g\u00e9n\u00e9rale, doux et humides alors que les \u00e9t\u00e9s sont chauds et secs. C\u2019est une caract\u00e9ristique principale du climat m\u00e9diterran\u00e9en.<\/p>\n<hr \/>\n<h2>Des r\u00e8gles de base \u00e0 suivre<\/h2>\n<p>Il est donc important de ne pas rajouter un stress suppl\u00e9mentaire \u00e0 des v\u00e9g\u00e9taux d\u00e9j\u00e0 en souffrance. Pour cela, quelques r\u00e8gles de base s&#8217;av\u00e8rent tr\u00e8s utiles \u00e0 respecter. Elles sont logiques, mais on a parfois tendance \u00e0 les oublier.<br \/>\nEn premier lieu, on va \u00e9viter de jardiner pendant les heures les plus chaudes. C\u2019est-\u00e0-dire entre 12h et 16h, ce qui correspond \u00e0 10h et 14h en heure solaire. On entend par jardinage, tout travail sur une plante ou m\u00eame le sol. Les tailles sont \u00e0 proscrire car elles entra\u00eeneraient un dess\u00e8chement rapide du v\u00e9g\u00e9tal. Il en est de m\u00eame pour le griffage ou le binage du sol qui, avec un fort ensoleillement et des temp\u00e9ratures \u00e9lev\u00e9es, ass\u00e9cherait la terre et perturberait toute la faune qui s&#8217;y trouve ou s&#8217;y r\u00e9fugie pour \u00e9chapper aux rayons ardents du soleil. M\u00eame le d\u00e9sherbage est d\u00e9conseill\u00e9 car il affecterait aussi les racines des v\u00e9g\u00e9taux \u00e0 conserver.<br \/>\nEn second lieu, les arrosages vont devoir \u00eatre effectu\u00e9s le soir de pr\u00e9f\u00e9rence, ou \u00e9ventuellement le matin, quand le soleil n&#8217;est pas encore chaud. Le soir est pr\u00e9f\u00e9rable au matin, le sol va rester humide durant toute la nuit, permettant une meilleure p\u00e9n\u00e9tration de l&#8217;eau et une meilleure assimilation par les v\u00e9g\u00e9taux.<br \/>\nEn r\u00e9sum\u00e9, pour les jardiniers, comme pour les plantes, en p\u00e9riode caniculaire, la sieste s&#8217;impose !<\/p>\n<hr \/>\n<h2>Des v\u00e9g\u00e9taux bien adapt\u00e9s \u00e0 la s\u00e9cheresse<\/h2>\n<div id=\"attachment_3531\" style=\"width: 710px\" class=\"wp-caption aligncenter\"><a href=\"https:\/\/www.domainedurayol.org\/wp-content\/uploads\/sites\/4\/2017\/06\/lande-\u00e0-PUYA-Domaine-du-Rayol-e1498728198322.jpg\"><img loading=\"lazy\" decoding=\"async\" aria-describedby=\"caption-attachment-3531\" class=\"fancybox wp-image-3531 size-large\" title=\"La lande \u00e0 Puya \u00a9 Domaine du Rayol, Karine SOTON\" src=\"https:\/\/www.domainedurayol.org\/wp-content\/uploads\/sites\/4\/2017\/06\/lande-\u00e0-PUYA-Domaine-du-Rayol-700x480.jpg\" alt=\"lande \u00e0 PUYA Domaine du Rayol\" width=\"700\" height=\"480\" \/><\/a><p id=\"caption-attachment-3531\" class=\"wp-caption-text\">La lande \u00e0 Puya<\/p><\/div>\n<p>Attention cependant, certains v\u00e9g\u00e9taux m\u00e9diterran\u00e9ens, en l\u00e9thargie quasi-compl\u00e8te n&#8217;ont pas besoin d&#8217;arrosage, sauf pendant la p\u00e9riode d&#8217;acclimatation. En effet, ces v\u00e9g\u00e9taux, particuli\u00e8rement bien adapt\u00e9s \u00e0 la s\u00e9cheresse ont, dans leur cycle naturel, une p\u00e9riode de repos estival. Des arrosages copieux et successifs entra\u00eeneraient une modification de ce cycle et une reprise de la v\u00e9g\u00e9tation alors que la p\u00e9riode n&#8217;y est pas du tout propice. Le d\u00e9p\u00e9rissement complet de la plante ainsi arros\u00e9e est alors, quasiment assur\u00e9.<br \/>\nDeux exemples sont caract\u00e9ristiques. Les cistes, qui malgr\u00e9 leur aspect dess\u00e9ch\u00e9, r\u00e9sistent tr\u00e8s bien et une plante californienne appr\u00e9ci\u00e9e des jardiniers pour ses grosses fleurs jaunes : le <em>Fr\u00e9montodendron<\/em>. Une fois bien install\u00e9, il n&#8217;appr\u00e9cie absolument pas les arrosages estivaux.<\/p>\n<p style=\"text-align: right;\"><em>Les jardiniers du Domaine du Rayol<\/em><\/p>\n","protected":false},"excerpt":{"rendered":"En cette fin du mois de juin, les temp\u00e9ratures ont atteint des sommets. Plus de 30\u00b0C sur la c\u00f4te m\u00e9diterran\u00e9enne, c\u2019est assez rare. La mer permet, en g\u00e9n\u00e9ral, de r\u00e9guler ces temp\u00e9ratures extr\u00eames, que ce soit l&#8217;hiver ou l&#8217;\u00e9t\u00e9. Ajout\u00e9e \u00e0 cela, une s\u00e9cheresse tr\u00e8s prononc\u00e9e (- de 200 mm de pr\u00e9cipitations depuis le d\u00e9but {&#8230;}","protected":false},"author":2,"featured_media":1976,"comment_status":"closed","ping_status":"open","sticky":false,"template":"","format":"standard","meta":{"_acf_changed":false,"footnotes":""},"categories":[75],"tags":[130,131,128,129],"class_list":["post-3547","post","type-post","status-publish","format-standard","has-post-thumbnail","hentry","category-le-coin-des-jardiniers","tag-ete","tag-jardin-sec","tag-jardinage","tag-plantes"],"acf":[],"yoast_head":"<!-- This site is optimized with the Yoast SEO plugin v24.1 - https:\/\/yoast.com\/wordpress\/plugins\/seo\/ -->\n<title>Le conseil des jardiniers : le repos estival - Domaine du Rayol<\/title>\n<meta name=\"robots\" content=\"index, follow, max-snippet:-1, max-image-preview:large, max-video-preview:-1\" \/>\n<link rel=\"canonical\" href=\"https:\/\/www.domainedurayol.org\/en\/conseil-jardiniers-repos-estival\/\" \/>\n<meta property=\"og:locale\" content=\"en_US\" \/>\n<meta property=\"og:type\" content=\"article\" \/>\n<meta property=\"og:title\" content=\"Le conseil des jardiniers : le repos estival - Domaine du Rayol\" \/>\n<meta property=\"og:description\" content=\"En cette fin du mois de juin, les temp\u00e9ratures ont atteint des sommets. Plus de 30\u00b0C sur la c\u00f4te m\u00e9diterran\u00e9enne, c\u2019est assez rare. La mer permet, en g\u00e9n\u00e9ral, de r\u00e9guler ces temp\u00e9ratures extr\u00eames, que ce soit l&#8217;hiver ou l&#8217;\u00e9t\u00e9. Ajout\u00e9e \u00e0 cela, une s\u00e9cheresse tr\u00e8s prononc\u00e9e (- de 200 mm de pr\u00e9cipitations depuis le d\u00e9but {...}\" \/>\n<meta property=\"og:url\" content=\"https:\/\/www.domainedurayol.org\/en\/conseil-jardiniers-repos-estival\/\" \/>\n<meta property=\"og:site_name\" content=\"Domaine du Rayol\" \/>\n<meta property=\"article:published_time\" content=\"2017-06-29T15:53:32+00:00\" \/>\n<meta property=\"article:modified_time\" content=\"2017-08-09T07:43:36+00:00\" \/>\n<meta property=\"og:image\" content=\"https:\/\/www.domainedurayol.org\/en\/wp-content\/uploads\/sites\/4\/2017\/03\/Printemps-Jardin-de-Californie-\u00a9-Domaine-du-Rayol-e1492762467689.jpg\" \/>\n\t<meta property=\"og:image:width\" content=\"1000\" \/>\n\t<meta property=\"og:image:height\" content=\"561\" \/>\n\t<meta property=\"og:image:type\" content=\"image\/jpeg\" \/>\n<meta name=\"author\" content=\"Julien Barral\" \/>\n<meta name=\"twitter:card\" content=\"summary_large_image\" \/>\n<meta name=\"twitter:label1\" content=\"Written by\" \/>\n\t<meta name=\"twitter:data1\" content=\"Julien Barral\" \/>\n\t<meta name=\"twitter:label2\" content=\"Est. reading time\" \/>\n\t<meta name=\"twitter:data2\" content=\"3 minutes\" \/>\n<script type=\"application\/ld+json\" class=\"yoast-schema-graph\">{\"@context\":\"https:\/\/schema.org\",\"@graph\":[{\"@type\":\"WebPage\",\"@id\":\"https:\/\/www.domainedurayol.org\/en\/conseil-jardiniers-repos-estival\/\",\"url\":\"https:\/\/www.domainedurayol.org\/en\/conseil-jardiniers-repos-estival\/\",\"name\":\"Le conseil des jardiniers : le repos estival - Domaine du Rayol\",\"isPartOf\":{\"@id\":\"https:\/\/www.domainedurayol.org\/en\/#website\"},\"primaryImageOfPage\":{\"@id\":\"https:\/\/www.domainedurayol.org\/en\/conseil-jardiniers-repos-estival\/#primaryimage\"},\"image\":{\"@id\":\"https:\/\/www.domainedurayol.org\/en\/conseil-jardiniers-repos-estival\/#primaryimage\"},\"thumbnailUrl\":\"https:\/\/www.domainedurayol.org\/en\/wp-content\/uploads\/sites\/4\/2017\/03\/Printemps-Jardin-de-Californie-\u00a9-Domaine-du-Rayol-e1492762467689.jpg\",\"datePublished\":\"2017-06-29T15:53:32+00:00\",\"dateModified\":\"2017-08-09T07:43:36+00:00\",\"author\":{\"@id\":\"https:\/\/www.domainedurayol.org\/en\/#\/schema\/person\/b7a4141345145d06be83b84817bee479\"},\"breadcrumb\":{\"@id\":\"https:\/\/www.domainedurayol.org\/en\/conseil-jardiniers-repos-estival\/#breadcrumb\"},\"inLanguage\":\"en-EN\",\"potentialAction\":[{\"@type\":\"ReadAction\",\"target\":[\"https:\/\/www.domainedurayol.org\/en\/conseil-jardiniers-repos-estival\/\"]}]},{\"@type\":\"ImageObject\",\"inLanguage\":\"en-EN\",\"@id\":\"https:\/\/www.domainedurayol.org\/en\/conseil-jardiniers-repos-estival\/#primaryimage\",\"url\":\"https:\/\/www.domainedurayol.org\/en\/wp-content\/uploads\/sites\/4\/2017\/03\/Printemps-Jardin-de-Californie-\u00a9-Domaine-du-Rayol-e1492762467689.jpg\",\"contentUrl\":\"https:\/\/www.domainedurayol.org\/en\/wp-content\/uploads\/sites\/4\/2017\/03\/Printemps-Jardin-de-Californie-\u00a9-Domaine-du-Rayol-e1492762467689.jpg\",\"width\":1000,\"height\":561,\"caption\":\"The Californian Garden in spring\"},{\"@type\":\"BreadcrumbList\",\"@id\":\"https:\/\/www.domainedurayol.org\/en\/conseil-jardiniers-repos-estival\/#breadcrumb\",\"itemListElement\":[{\"@type\":\"ListItem\",\"position\":1,\"name\":\"Accueil\",\"item\":\"https:\/\/www.domainedurayol.org\/en\/\"},{\"@type\":\"ListItem\",\"position\":2,\"name\":\"Le conseil des jardiniers : le repos estival\"}]},{\"@type\":\"WebSite\",\"@id\":\"https:\/\/www.domainedurayol.org\/en\/#website\",\"url\":\"https:\/\/www.domainedurayol.org\/en\/\",\"name\":\"Domaine du Rayol\",\"description\":\"Le Jardin des M\u00e9diterran\u00e9es\",\"potentialAction\":[{\"@type\":\"SearchAction\",\"target\":{\"@type\":\"EntryPoint\",\"urlTemplate\":\"https:\/\/www.domainedurayol.org\/en\/?s={search_term_string}\"},\"query-input\":{\"@type\":\"PropertyValueSpecification\",\"valueRequired\":true,\"valueName\":\"search_term_string\"}}],\"inLanguage\":\"en-EN\"},{\"@type\":\"Person\",\"@id\":\"https:\/\/www.domainedurayol.org\/en\/#\/schema\/person\/b7a4141345145d06be83b84817bee479\",\"name\":\"Julien Barral\",\"image\":{\"@type\":\"ImageObject\",\"inLanguage\":\"en-EN\",\"@id\":\"https:\/\/www.domainedurayol.org\/en\/#\/schema\/person\/image\/\",\"url\":\"https:\/\/secure.gravatar.com\/avatar\/b10a5218d707e6dc51c225f3998ec297?s=96&r=g\",\"contentUrl\":\"https:\/\/secure.gravatar.com\/avatar\/b10a5218d707e6dc51c225f3998ec297?s=96&r=g\",\"caption\":\"Julien Barral\"},\"url\":\"https:\/\/www.domainedurayol.org\/en\/author\/julien-barral\/\"}]}<\/script>\n<!-- \/ Yoast SEO plugin. -->","yoast_head_json":{"title":"Le conseil des jardiniers : le repos estival - Domaine du Rayol","robots":{"index":"index","follow":"follow","max-snippet":"max-snippet:-1","max-image-preview":"max-image-preview:large","max-video-preview":"max-video-preview:-1"},"canonical":"https:\/\/www.domainedurayol.org\/en\/conseil-jardiniers-repos-estival\/","og_locale":"en_US","og_type":"article","og_title":"Le conseil des jardiniers : le repos estival - Domaine du Rayol","og_description":"En cette fin du mois de juin, les temp\u00e9ratures ont atteint des sommets. Plus de 30\u00b0C sur la c\u00f4te m\u00e9diterran\u00e9enne, c\u2019est assez rare. La mer permet, en g\u00e9n\u00e9ral, de r\u00e9guler ces temp\u00e9ratures extr\u00eames, que ce soit l&#8217;hiver ou l&#8217;\u00e9t\u00e9. Ajout\u00e9e \u00e0 cela, une s\u00e9cheresse tr\u00e8s prononc\u00e9e (- de 200 mm de pr\u00e9cipitations depuis le d\u00e9but {...}","og_url":"https:\/\/www.domainedurayol.org\/en\/conseil-jardiniers-repos-estival\/","og_site_name":"Domaine du Rayol","article_published_time":"2017-06-29T15:53:32+00:00","article_modified_time":"2017-08-09T07:43:36+00:00","og_image":[{"width":1000,"height":561,"url":"https:\/\/www.domainedurayol.org\/en\/wp-content\/uploads\/sites\/4\/2017\/03\/Printemps-Jardin-de-Californie-\u00a9-Domaine-du-Rayol-e1492762467689.jpg","type":"image\/jpeg"}],"author":"Julien Barral","twitter_card":"summary_large_image","twitter_misc":{"Written by":"Julien Barral","Est. reading time":"3 minutes"},"schema":{"@context":"https:\/\/schema.org","@graph":[{"@type":"WebPage","@id":"https:\/\/www.domainedurayol.org\/en\/conseil-jardiniers-repos-estival\/","url":"https:\/\/www.domainedurayol.org\/en\/conseil-jardiniers-repos-estival\/","name":"Le conseil des jardiniers : le repos estival - Domaine du Rayol","isPartOf":{"@id":"https:\/\/www.domainedurayol.org\/en\/#website"},"primaryImageOfPage":{"@id":"https:\/\/www.domainedurayol.org\/en\/conseil-jardiniers-repos-estival\/#primaryimage"},"image":{"@id":"https:\/\/www.domainedurayol.org\/en\/conseil-jardiniers-repos-estival\/#primaryimage"},"thumbnailUrl":"https:\/\/www.domainedurayol.org\/en\/wp-content\/uploads\/sites\/4\/2017\/03\/Printemps-Jardin-de-Californie-\u00a9-Domaine-du-Rayol-e1492762467689.jpg","datePublished":"2017-06-29T15:53:32+00:00","dateModified":"2017-08-09T07:43:36+00:00","author":{"@id":"https:\/\/www.domainedurayol.org\/en\/#\/schema\/person\/b7a4141345145d06be83b84817bee479"},"breadcrumb":{"@id":"https:\/\/www.domainedurayol.org\/en\/conseil-jardiniers-repos-estival\/#breadcrumb"},"inLanguage":"en-EN","potentialAction":[{"@type":"ReadAction","target":["https:\/\/www.domainedurayol.org\/en\/conseil-jardiniers-repos-estival\/"]}]},{"@type":"ImageObject","inLanguage":"en-EN","@id":"https:\/\/www.domainedurayol.org\/en\/conseil-jardiniers-repos-estival\/#primaryimage","url":"https:\/\/www.domainedurayol.org\/en\/wp-content\/uploads\/sites\/4\/2017\/03\/Printemps-Jardin-de-Californie-\u00a9-Domaine-du-Rayol-e1492762467689.jpg","contentUrl":"https:\/\/www.domainedurayol.org\/en\/wp-content\/uploads\/sites\/4\/2017\/03\/Printemps-Jardin-de-Californie-\u00a9-Domaine-du-Rayol-e1492762467689.jpg","width":1000,"height":561,"caption":"The Californian Garden in spring"},{"@type":"BreadcrumbList","@id":"https:\/\/www.domainedurayol.org\/en\/conseil-jardiniers-repos-estival\/#breadcrumb","itemListElement":[{"@type":"ListItem","position":1,"name":"Accueil","item":"https:\/\/www.domainedurayol.org\/en\/"},{"@type":"ListItem","position":2,"name":"Le conseil des jardiniers : le repos estival"}]},{"@type":"WebSite","@id":"https:\/\/www.domainedurayol.org\/en\/#website","url":"https:\/\/www.domainedurayol.org\/en\/","name":"Domaine du Rayol","description":"Le Jardin des M\u00e9diterran\u00e9es","potentialAction":[{"@type":"SearchAction","target":{"@type":"EntryPoint","urlTemplate":"https:\/\/www.domainedurayol.org\/en\/?s={search_term_string}"},"query-input":{"@type":"PropertyValueSpecification","valueRequired":true,"valueName":"search_term_string"}}],"inLanguage":"en-EN"},{"@type":"Person","@id":"https:\/\/www.domainedurayol.org\/en\/#\/schema\/person\/b7a4141345145d06be83b84817bee479","name":"Julien Barral","image":{"@type":"ImageObject","inLanguage":"en-EN","@id":"https:\/\/www.domainedurayol.org\/en\/#\/schema\/person\/image\/","url":"https:\/\/secure.gravatar.com\/avatar\/b10a5218d707e6dc51c225f3998ec297?s=96&r=g","contentUrl":"https:\/\/secure.gravatar.com\/avatar\/b10a5218d707e6dc51c225f3998ec297?s=96&r=g","caption":"Julien Barral"},"url":"https:\/\/www.domainedurayol.org\/en\/author\/julien-barral\/"}]}},"_links":{"self":[{"href":"https:\/\/www.domainedurayol.org\/en\/wp-json\/wp\/v2\/posts\/3547","targetHints":{"allow":["GET"]}}],"collection":[{"href":"https:\/\/www.domainedurayol.org\/en\/wp-json\/wp\/v2\/posts"}],"about":[{"href":"https:\/\/www.domainedurayol.org\/en\/wp-json\/wp\/v2\/types\/post"}],"author":[{"embeddable":true,"href":"https:\/\/www.domainedurayol.org\/en\/wp-json\/wp\/v2\/users\/2"}],"replies":[{"embeddable":true,"href":"https:\/\/www.domainedurayol.org\/en\/wp-json\/wp\/v2\/comments?post=3547"}],"version-history":[{"count":0,"href":"https:\/\/www.domainedurayol.org\/en\/wp-json\/wp\/v2\/posts\/3547\/revisions"}],"wp:featuredmedia":[{"embeddable":true,"href":"https:\/\/www.domainedurayol.org\/en\/wp-json\/wp\/v2\/media\/1976"}],"wp:attachment":[{"href":"https:\/\/www.domainedurayol.org\/en\/wp-json\/wp\/v2\/media?parent=3547"}],"wp:term":[{"taxonomy":"category","embeddable":true,"href":"https:\/\/www.domainedurayol.org\/en\/wp-json\/wp\/v2\/categories?post=3547"},{"taxonomy":"post_tag","embeddable":true,"href":"https:\/\/www.domainedurayol.org\/en\/wp-json\/wp\/v2\/tags?post=3547"}],"curies":[{"name":"wp","href":"https:\/\/api.w.org\/{rel}","templated":true}]}}