{"id":3467,"date":"2017-06-20T16:02:33","date_gmt":"2017-06-20T14:02:33","guid":{"rendered":"https:\/\/www.domainedurayol.org\/?p=3467"},"modified":"2017-07-21T15:43:07","modified_gmt":"2017-07-21T13:43:07","slug":"nouveau-site-internet-domaine-du-rayol","status":"publish","type":"post","link":"https:\/\/www.domainedurayol.org\/en\/nouveau-site-internet-domaine-du-rayol\/","title":{"rendered":"Nouveau site Internet pour le Domaine du Rayol"},"content":{"rendered":"<p>Pour faire conna\u00eetre le Jardin et l\u2019ensemble de sa programmation aupr\u00e8s de divers publics, le Domaine du Rayol a refait son <strong>site Internet<\/strong>.<\/p>\n<p>Plus ergonomique, plus graphique, il permet de susciter l\u2019int\u00e9r\u00eat en laissant une grande place au visuel tout en gardant secr\u00e8te l\u2019exp\u00e9rience de visite sur place !<\/p>\n<p>Pages claires et lisibles, informations accessibles rapidement, plan interactif pour percevoir la diversit\u00e9 des paysages du Jardin, catalogue des plantes vendues \u00e0 la p\u00e9pini\u00e8re\u2026<br \/>\nTout un panel de fonctionnalit\u00e9s sont pr\u00e9sentes pour aider l\u2019internaute \u00e0 mieux pr\u00e9parer sa visite.<br \/>\nEnfin, avec un affichage parfaitement adapt\u00e9 aux diff\u00e9rents \u00e9crans de connexion contemporains (PC, smartphone, tablette, web TV&#8230;), le site Internet met en lumi\u00e8re la richesse de la programmation \u00e9v\u00e9nementielle du Domaine du Rayol \u00e0 l\u2019ann\u00e9e et propose la r\u00e9servation en ligne de toutes les activit\u00e9s (visites th\u00e9matiques, sentier marin, activit\u00e9s familles, concerts\u2026) en toute autonomie.<\/p>\n<hr \/>\n<p>Cette refonte du site Internet s&#8217;est accompagn\u00e9e de la\u00a0conception d&#8217;un nouveau plan du Jardin. En ligne uniquement pour le moment, il sera bient\u00f4t disponible sous format de d\u00e9pliant d&#8217;aide \u00e0 la visite. Il rend mieux compte aux visiteurs et aux internautes de la diversit\u00e9 et de la richesse floristique du lieu ainsi que sa topographie.<\/p>\n<p>&nbsp;<\/p>\n","protected":false},"excerpt":{"rendered":"Pour faire conna\u00eetre le Jardin et l\u2019ensemble de sa programmation aupr\u00e8s de divers publics, le Domaine du Rayol a refait son site Internet. Plus ergonomique, plus graphique, il permet de susciter l\u2019int\u00e9r\u00eat en laissant une grande place au visuel tout en gardant secr\u00e8te l\u2019exp\u00e9rience de visite sur place ! Pages claires et lisibles, informations accessibles {&#8230;}","protected":false},"author":2,"featured_media":2064,"comment_status":"closed","ping_status":"open","sticky":false,"template":"","format":"standard","meta":{"_acf_changed":false,"footnotes":""},"categories":[1],"tags":[135,134,132,133],"class_list":["post-3467","post","type-post","status-publish","format-standard","has-post-thumbnail","hentry","category-actualites","tag-ergonomie","tag-responsive-design","tag-site-internet","tag-web"],"acf":[],"yoast_head":"<!-- This site is optimized with the Yoast SEO plugin v24.1 - https:\/\/yoast.com\/wordpress\/plugins\/seo\/ -->\n<title>Nouveau site Internet pour le Domaine du Rayol - Domaine du Rayol<\/title>\n<meta name=\"robots\" content=\"index, follow, max-snippet:-1, max-image-preview:large, max-video-preview:-1\" \/>\n<link rel=\"canonical\" href=\"https:\/\/www.domainedurayol.org\/en\/nouveau-site-internet-domaine-du-rayol\/\" \/>\n<meta property=\"og:locale\" content=\"en_US\" \/>\n<meta property=\"og:type\" content=\"article\" \/>\n<meta property=\"og:title\" content=\"Nouveau site Internet pour le Domaine du Rayol - Domaine du Rayol\" \/>\n<meta property=\"og:description\" content=\"Pour faire conna\u00eetre le Jardin et l\u2019ensemble de sa programmation aupr\u00e8s de divers publics, le Domaine du Rayol a refait son site Internet. Plus ergonomique, plus graphique, il permet de susciter l\u2019int\u00e9r\u00eat en laissant une grande place au visuel tout en gardant secr\u00e8te l\u2019exp\u00e9rience de visite sur place ! Pages claires et lisibles, informations accessibles {...}\" \/>\n<meta property=\"og:url\" content=\"https:\/\/www.domainedurayol.org\/en\/nouveau-site-internet-domaine-du-rayol\/\" \/>\n<meta property=\"og:site_name\" content=\"Domaine du Rayol\" \/>\n<meta property=\"article:published_time\" content=\"2017-06-20T14:02:33+00:00\" \/>\n<meta property=\"article:modified_time\" content=\"2017-07-21T13:43:07+00:00\" \/>\n<meta property=\"og:image\" content=\"https:\/\/www.domainedurayol.org\/en\/wp-content\/uploads\/sites\/4\/2017\/04\/Invitation-au-voyage-\u00a9-Domaine-du-Rayol-Chlo\u00e9-ARREGOCES-e1501667622643.jpg\" \/>\n\t<meta property=\"og:image:width\" content=\"1000\" \/>\n\t<meta property=\"og:image:height\" content=\"667\" \/>\n\t<meta property=\"og:image:type\" content=\"image\/jpeg\" \/>\n<meta name=\"author\" content=\"Julien Barral\" \/>\n<meta name=\"twitter:card\" content=\"summary_large_image\" \/>\n<meta name=\"twitter:label1\" content=\"Written by\" \/>\n\t<meta name=\"twitter:data1\" content=\"Julien Barral\" \/>\n\t<meta name=\"twitter:label2\" content=\"Est. reading time\" \/>\n\t<meta name=\"twitter:data2\" content=\"1 minute\" \/>\n<script type=\"application\/ld+json\" class=\"yoast-schema-graph\">{\"@context\":\"https:\/\/schema.org\",\"@graph\":[{\"@type\":\"WebPage\",\"@id\":\"https:\/\/www.domainedurayol.org\/en\/nouveau-site-internet-domaine-du-rayol\/\",\"url\":\"https:\/\/www.domainedurayol.org\/en\/nouveau-site-internet-domaine-du-rayol\/\",\"name\":\"Nouveau site Internet pour le Domaine du Rayol - Domaine du Rayol\",\"isPartOf\":{\"@id\":\"https:\/\/www.domainedurayol.org\/en\/#website\"},\"primaryImageOfPage\":{\"@id\":\"https:\/\/www.domainedurayol.org\/en\/nouveau-site-internet-domaine-du-rayol\/#primaryimage\"},\"image\":{\"@id\":\"https:\/\/www.domainedurayol.org\/en\/nouveau-site-internet-domaine-du-rayol\/#primaryimage\"},\"thumbnailUrl\":\"https:\/\/www.domainedurayol.org\/en\/wp-content\/uploads\/sites\/4\/2017\/04\/Invitation-au-voyage-\u00a9-Domaine-du-Rayol-Chlo\u00e9-ARREGOCES-e1501667622643.jpg\",\"datePublished\":\"2017-06-20T14:02:33+00:00\",\"dateModified\":\"2017-07-21T13:43:07+00:00\",\"author\":{\"@id\":\"https:\/\/www.domainedurayol.org\/en\/#\/schema\/person\/b7a4141345145d06be83b84817bee479\"},\"breadcrumb\":{\"@id\":\"https:\/\/www.domainedurayol.org\/en\/nouveau-site-internet-domaine-du-rayol\/#breadcrumb\"},\"inLanguage\":\"en-EN\",\"potentialAction\":[{\"@type\":\"ReadAction\",\"target\":[\"https:\/\/www.domainedurayol.org\/en\/nouveau-site-internet-domaine-du-rayol\/\"]}]},{\"@type\":\"ImageObject\",\"inLanguage\":\"en-EN\",\"@id\":\"https:\/\/www.domainedurayol.org\/en\/nouveau-site-internet-domaine-du-rayol\/#primaryimage\",\"url\":\"https:\/\/www.domainedurayol.org\/en\/wp-content\/uploads\/sites\/4\/2017\/04\/Invitation-au-voyage-\u00a9-Domaine-du-Rayol-Chlo\u00e9-ARREGOCES-e1501667622643.jpg\",\"contentUrl\":\"https:\/\/www.domainedurayol.org\/en\/wp-content\/uploads\/sites\/4\/2017\/04\/Invitation-au-voyage-\u00a9-Domaine-du-Rayol-Chlo\u00e9-ARREGOCES-e1501667622643.jpg\",\"width\":1000,\"height\":667,\"caption\":\"Invitation au voyage\"},{\"@type\":\"BreadcrumbList\",\"@id\":\"https:\/\/www.domainedurayol.org\/en\/nouveau-site-internet-domaine-du-rayol\/#breadcrumb\",\"itemListElement\":[{\"@type\":\"ListItem\",\"position\":1,\"name\":\"Accueil\",\"item\":\"https:\/\/www.domainedurayol.org\/en\/\"},{\"@type\":\"ListItem\",\"position\":2,\"name\":\"Nouveau site Internet pour le Domaine du Rayol\"}]},{\"@type\":\"WebSite\",\"@id\":\"https:\/\/www.domainedurayol.org\/en\/#website\",\"url\":\"https:\/\/www.domainedurayol.org\/en\/\",\"name\":\"Domaine du Rayol\",\"description\":\"Le Jardin des M\u00e9diterran\u00e9es\",\"potentialAction\":[{\"@type\":\"SearchAction\",\"target\":{\"@type\":\"EntryPoint\",\"urlTemplate\":\"https:\/\/www.domainedurayol.org\/en\/?s={search_term_string}\"},\"query-input\":{\"@type\":\"PropertyValueSpecification\",\"valueRequired\":true,\"valueName\":\"search_term_string\"}}],\"inLanguage\":\"en-EN\"},{\"@type\":\"Person\",\"@id\":\"https:\/\/www.domainedurayol.org\/en\/#\/schema\/person\/b7a4141345145d06be83b84817bee479\",\"name\":\"Julien Barral\",\"image\":{\"@type\":\"ImageObject\",\"inLanguage\":\"en-EN\",\"@id\":\"https:\/\/www.domainedurayol.org\/en\/#\/schema\/person\/image\/\",\"url\":\"https:\/\/secure.gravatar.com\/avatar\/b10a5218d707e6dc51c225f3998ec297?s=96&r=g\",\"contentUrl\":\"https:\/\/secure.gravatar.com\/avatar\/b10a5218d707e6dc51c225f3998ec297?s=96&r=g\",\"caption\":\"Julien Barral\"},\"url\":\"https:\/\/www.domainedurayol.org\/en\/author\/julien-barral\/\"}]}<\/script>\n<!-- \/ Yoast SEO plugin. -->","yoast_head_json":{"title":"Nouveau site Internet pour le Domaine du Rayol - Domaine du Rayol","robots":{"index":"index","follow":"follow","max-snippet":"max-snippet:-1","max-image-preview":"max-image-preview:large","max-video-preview":"max-video-preview:-1"},"canonical":"https:\/\/www.domainedurayol.org\/en\/nouveau-site-internet-domaine-du-rayol\/","og_locale":"en_US","og_type":"article","og_title":"Nouveau site Internet pour le Domaine du Rayol - Domaine du Rayol","og_description":"Pour faire conna\u00eetre le Jardin et l\u2019ensemble de sa programmation aupr\u00e8s de divers publics, le Domaine du Rayol a refait son site Internet. Plus ergonomique, plus graphique, il permet de susciter l\u2019int\u00e9r\u00eat en laissant une grande place au visuel tout en gardant secr\u00e8te l\u2019exp\u00e9rience de visite sur place ! Pages claires et lisibles, informations accessibles {...}","og_url":"https:\/\/www.domainedurayol.org\/en\/nouveau-site-internet-domaine-du-rayol\/","og_site_name":"Domaine du Rayol","article_published_time":"2017-06-20T14:02:33+00:00","article_modified_time":"2017-07-21T13:43:07+00:00","og_image":[{"width":1000,"height":667,"url":"https:\/\/www.domainedurayol.org\/en\/wp-content\/uploads\/sites\/4\/2017\/04\/Invitation-au-voyage-\u00a9-Domaine-du-Rayol-Chlo\u00e9-ARREGOCES-e1501667622643.jpg","type":"image\/jpeg"}],"author":"Julien Barral","twitter_card":"summary_large_image","twitter_misc":{"Written by":"Julien Barral","Est. reading time":"1 minute"},"schema":{"@context":"https:\/\/schema.org","@graph":[{"@type":"WebPage","@id":"https:\/\/www.domainedurayol.org\/en\/nouveau-site-internet-domaine-du-rayol\/","url":"https:\/\/www.domainedurayol.org\/en\/nouveau-site-internet-domaine-du-rayol\/","name":"Nouveau site Internet pour le Domaine du Rayol - Domaine du Rayol","isPartOf":{"@id":"https:\/\/www.domainedurayol.org\/en\/#website"},"primaryImageOfPage":{"@id":"https:\/\/www.domainedurayol.org\/en\/nouveau-site-internet-domaine-du-rayol\/#primaryimage"},"image":{"@id":"https:\/\/www.domainedurayol.org\/en\/nouveau-site-internet-domaine-du-rayol\/#primaryimage"},"thumbnailUrl":"https:\/\/www.domainedurayol.org\/en\/wp-content\/uploads\/sites\/4\/2017\/04\/Invitation-au-voyage-\u00a9-Domaine-du-Rayol-Chlo\u00e9-ARREGOCES-e1501667622643.jpg","datePublished":"2017-06-20T14:02:33+00:00","dateModified":"2017-07-21T13:43:07+00:00","author":{"@id":"https:\/\/www.domainedurayol.org\/en\/#\/schema\/person\/b7a4141345145d06be83b84817bee479"},"breadcrumb":{"@id":"https:\/\/www.domainedurayol.org\/en\/nouveau-site-internet-domaine-du-rayol\/#breadcrumb"},"inLanguage":"en-EN","potentialAction":[{"@type":"ReadAction","target":["https:\/\/www.domainedurayol.org\/en\/nouveau-site-internet-domaine-du-rayol\/"]}]},{"@type":"ImageObject","inLanguage":"en-EN","@id":"https:\/\/www.domainedurayol.org\/en\/nouveau-site-internet-domaine-du-rayol\/#primaryimage","url":"https:\/\/www.domainedurayol.org\/en\/wp-content\/uploads\/sites\/4\/2017\/04\/Invitation-au-voyage-\u00a9-Domaine-du-Rayol-Chlo\u00e9-ARREGOCES-e1501667622643.jpg","contentUrl":"https:\/\/www.domainedurayol.org\/en\/wp-content\/uploads\/sites\/4\/2017\/04\/Invitation-au-voyage-\u00a9-Domaine-du-Rayol-Chlo\u00e9-ARREGOCES-e1501667622643.jpg","width":1000,"height":667,"caption":"Invitation au voyage"},{"@type":"BreadcrumbList","@id":"https:\/\/www.domainedurayol.org\/en\/nouveau-site-internet-domaine-du-rayol\/#breadcrumb","itemListElement":[{"@type":"ListItem","position":1,"name":"Accueil","item":"https:\/\/www.domainedurayol.org\/en\/"},{"@type":"ListItem","position":2,"name":"Nouveau site Internet pour le Domaine du Rayol"}]},{"@type":"WebSite","@id":"https:\/\/www.domainedurayol.org\/en\/#website","url":"https:\/\/www.domainedurayol.org\/en\/","name":"Domaine du Rayol","description":"Le Jardin des M\u00e9diterran\u00e9es","potentialAction":[{"@type":"SearchAction","target":{"@type":"EntryPoint","urlTemplate":"https:\/\/www.domainedurayol.org\/en\/?s={search_term_string}"},"query-input":{"@type":"PropertyValueSpecification","valueRequired":true,"valueName":"search_term_string"}}],"inLanguage":"en-EN"},{"@type":"Person","@id":"https:\/\/www.domainedurayol.org\/en\/#\/schema\/person\/b7a4141345145d06be83b84817bee479","name":"Julien Barral","image":{"@type":"ImageObject","inLanguage":"en-EN","@id":"https:\/\/www.domainedurayol.org\/en\/#\/schema\/person\/image\/","url":"https:\/\/secure.gravatar.com\/avatar\/b10a5218d707e6dc51c225f3998ec297?s=96&r=g","contentUrl":"https:\/\/secure.gravatar.com\/avatar\/b10a5218d707e6dc51c225f3998ec297?s=96&r=g","caption":"Julien Barral"},"url":"https:\/\/www.domainedurayol.org\/en\/author\/julien-barral\/"}]}},"_links":{"self":[{"href":"https:\/\/www.domainedurayol.org\/en\/wp-json\/wp\/v2\/posts\/3467","targetHints":{"allow":["GET"]}}],"collection":[{"href":"https:\/\/www.domainedurayol.org\/en\/wp-json\/wp\/v2\/posts"}],"about":[{"href":"https:\/\/www.domainedurayol.org\/en\/wp-json\/wp\/v2\/types\/post"}],"author":[{"embeddable":true,"href":"https:\/\/www.domainedurayol.org\/en\/wp-json\/wp\/v2\/users\/2"}],"replies":[{"embeddable":true,"href":"https:\/\/www.domainedurayol.org\/en\/wp-json\/wp\/v2\/comments?post=3467"}],"version-history":[{"count":0,"href":"https:\/\/www.domainedurayol.org\/en\/wp-json\/wp\/v2\/posts\/3467\/revisions"}],"wp:featuredmedia":[{"embeddable":true,"href":"https:\/\/www.domainedurayol.org\/en\/wp-json\/wp\/v2\/media\/2064"}],"wp:attachment":[{"href":"https:\/\/www.domainedurayol.org\/en\/wp-json\/wp\/v2\/media?parent=3467"}],"wp:term":[{"taxonomy":"category","embeddable":true,"href":"https:\/\/www.domainedurayol.org\/en\/wp-json\/wp\/v2\/categories?post=3467"},{"taxonomy":"post_tag","embeddable":true,"href":"https:\/\/www.domainedurayol.org\/en\/wp-json\/wp\/v2\/tags?post=3467"}],"curies":[{"name":"wp","href":"https:\/\/api.w.org\/{rel}","templated":true}]}}