{"id":3291,"date":"2017-06-02T11:25:59","date_gmt":"2017-06-02T09:25:59","guid":{"rendered":"https:\/\/www.domainedurayol.org\/?p=3291"},"modified":"2017-07-21T15:45:11","modified_gmt":"2017-07-21T13:45:11","slug":"envie-de-jardins-domaine-rayol-france-3-dimanche-4-juin-a-16h15","status":"publish","type":"post","link":"https:\/\/www.domainedurayol.org\/en\/envie-de-jardins-domaine-rayol-france-3-dimanche-4-juin-a-16h15\/","title":{"rendered":"&#8220;Comme une envie de jardins&#8221; au Domaine du Rayol sur France 3 dimanche 4 juin \u00e0 16h15"},"content":{"rendered":"<p><del>E<\/del>n mars dernier, le Domaine du Rayol accueillait Jamy Gourmaud (C\u2019est pas sorcier) pour le tournage d\u2019une nouvelle \u00e9mission \u00ab <strong>Comme une envie de jardins<\/strong>\u2026 \u00bb, diffus\u00e9e sur France 3, le dimanche apr\u00e8s-midi.<\/p>\n<p>Dans cette \u00e9mission de 52 minutes, produite par la soci\u00e9t\u00e9 Troisi\u00e8me \u0152il, Jamy, au guidon de sa moto vintage, sillonne les routes de France \u00e0 la d\u00e9couverte des plus beaux jardins de l\u2019Hexagone.<\/p>\n<p><a href=\"https:\/\/www.domainedurayol.org\/wp-content\/uploads\/sites\/4\/2017\/06\/Diffusion-emission-comme-une-envie-de-jardin-domaine-du-rayol.jpg\"><img loading=\"lazy\" decoding=\"async\" class=\"fancybox aligncenter wp-image-3324 size-large\" title=\"Logo de l'\u00e9mission de France 3\" src=\"https:\/\/www.domainedurayol.org\/wp-content\/uploads\/sites\/4\/2017\/06\/Diffusion-emission-comme-une-envie-de-jardin-domaine-du-rayol-700x233.jpg\" alt=\"Diffusion emission comme une envie de jardin domaine du rayol\" width=\"700\" height=\"233\" srcset=\"https:\/\/www.domainedurayol.org\/en\/wp-content\/uploads\/sites\/4\/2017\/06\/Diffusion-emission-comme-une-envie-de-jardin-domaine-du-rayol-700x233.jpg 700w, https:\/\/www.domainedurayol.org\/en\/wp-content\/uploads\/sites\/4\/2017\/06\/Diffusion-emission-comme-une-envie-de-jardin-domaine-du-rayol-250x83.jpg 250w, https:\/\/www.domainedurayol.org\/en\/wp-content\/uploads\/sites\/4\/2017\/06\/Diffusion-emission-comme-une-envie-de-jardin-domaine-du-rayol-768x255.jpg 768w, https:\/\/www.domainedurayol.org\/en\/wp-content\/uploads\/sites\/4\/2017\/06\/Diffusion-emission-comme-une-envie-de-jardin-domaine-du-rayol-400x133.jpg 400w, https:\/\/www.domainedurayol.org\/en\/wp-content\/uploads\/sites\/4\/2017\/06\/Diffusion-emission-comme-une-envie-de-jardin-domaine-du-rayol-120x40.jpg 120w, https:\/\/www.domainedurayol.org\/en\/wp-content\/uploads\/sites\/4\/2017\/06\/Diffusion-emission-comme-une-envie-de-jardin-domaine-du-rayol.jpg 773w\" sizes=\"auto, (max-width: 700px) 100vw, 700px\" \/><\/a><\/p>\n<p>Dans ce num\u00e9ro, tourn\u00e9 essentiellement au Domaine du Rayol, on verra Jamy aller \u00e0 la rencontre des jardiniers du Domaine du Rayol. Ils partageront avec lui leurs savoir-faire et effectueront ensemble plusieurs travaux de jardinage :<\/p>\n<ul>\n<li>s\u00e9quence la plus impressionnante, la pause d\u2019un hauban de s\u00e9curit\u00e9 dans un eucalyptus \u00e0 15 m\u00e8tres de haut, avec Bastien, jardinier-\u00e9lagueur ;<\/li>\n<li>plantation d\u2019une noline dans le jardin d\u2019Am\u00e9rique subtropicale, avec Alain, chef jardinier ;<\/li>\n<li>bouture dans la colline des cistes, mise en fog et rempotage dans la p\u00e9pini\u00e8re de production, avec Lenny, jardinier-p\u00e9pini\u00e9riste ;<\/li>\n<li>cueillette et d\u00e9gustation de plantes sauvages comestibles sur l\u2019Ancien verger, avec Aur\u00e9lia, guide et coordinatrice p\u00e9dagogique.<\/li>\n<\/ul>\n<p>En fin d\u2019\u00e9mission, on verra Jamy faire connaissance avec le Chef Anthony Lopez, bas\u00e9 au Lavandou, et Marie-H\u00e9l\u00e8ne Barbaroux, productrice de fruits, l\u00e9gumes et vins au Domaine des Myrtes \u00e0 La Londe-les-Maures. Le Chef proposera la d\u00e9gustation d\u2019une assiette \u00e0 base d\u2019artichaut, en compagnie des jardiniers, face \u00e0 la mer dans la Baie du Figuier du Domaine du Rayol.<\/p>\n<p>Deux autres jardins de la c\u00f4te varoise seront \u00e9galement \u00e0 l\u2019honneur dans ce num\u00e9ro : le Domaine d\u2019Orv\u00e8s, \u00e0 La Valette-du-Var, et le parc Gonzalez, \u00e0 Bormes-les-Mimosas.<\/p>\n<p style=\"text-align: center;\"><a class=\"btn\" href=\"http:\/\/buff.ly\/2qX4VTS\" target=\"_blank\" rel=\"noopener noreferrer\">Voir l&#8217;\u00e9mission en Replay<\/a><\/p>\n","protected":false},"excerpt":{"rendered":"En mars dernier, le Domaine du Rayol accueillait Jamy Gourmaud (C\u2019est pas sorcier) pour le tournage d\u2019une nouvelle \u00e9mission \u00ab Comme une envie de jardins\u2026 \u00bb, diffus\u00e9e sur France 3, le dimanche apr\u00e8s-midi. Dans cette \u00e9mission de 52 minutes, produite par la soci\u00e9t\u00e9 Troisi\u00e8me \u0152il, Jamy, au guidon de sa moto vintage, sillonne les routes {&#8230;}","protected":false},"author":6,"featured_media":2119,"comment_status":"closed","ping_status":"open","sticky":false,"template":"","format":"standard","meta":{"_acf_changed":false,"footnotes":""},"categories":[114],"tags":[],"class_list":["post-3291","post","type-post","status-publish","format-standard","has-post-thumbnail","hentry","category-on-parle-du-domaine-du-rayol"],"acf":[],"yoast_head":"<!-- This site is optimized with the Yoast SEO plugin v24.1 - https:\/\/yoast.com\/wordpress\/plugins\/seo\/ -->\n<title>&quot;Comme une envie de jardins&quot; au Domaine du Rayol sur France 3 dimanche 4 juin \u00e0 16h15 - Domaine du Rayol<\/title>\n<meta name=\"robots\" content=\"index, follow, max-snippet:-1, max-image-preview:large, max-video-preview:-1\" \/>\n<link rel=\"canonical\" href=\"https:\/\/www.domainedurayol.org\/en\/envie-de-jardins-domaine-rayol-france-3-dimanche-4-juin-a-16h15\/\" \/>\n<meta property=\"og:locale\" content=\"en_US\" \/>\n<meta property=\"og:type\" content=\"article\" \/>\n<meta property=\"og:title\" content=\"&quot;Comme une envie de jardins&quot; au Domaine du Rayol sur France 3 dimanche 4 juin \u00e0 16h15 - Domaine du Rayol\" \/>\n<meta property=\"og:description\" content=\"En mars dernier, le Domaine du Rayol accueillait Jamy Gourmaud (C\u2019est pas sorcier) pour le tournage d\u2019une nouvelle \u00e9mission \u00ab Comme une envie de jardins\u2026 \u00bb, diffus\u00e9e sur France 3, le dimanche apr\u00e8s-midi. Dans cette \u00e9mission de 52 minutes, produite par la soci\u00e9t\u00e9 Troisi\u00e8me \u0152il, Jamy, au guidon de sa moto vintage, sillonne les routes {...}\" \/>\n<meta property=\"og:url\" content=\"https:\/\/www.domainedurayol.org\/en\/envie-de-jardins-domaine-rayol-france-3-dimanche-4-juin-a-16h15\/\" \/>\n<meta property=\"og:site_name\" content=\"Domaine du Rayol\" \/>\n<meta property=\"article:published_time\" content=\"2017-06-02T09:25:59+00:00\" \/>\n<meta property=\"article:modified_time\" content=\"2017-07-21T13:45:11+00:00\" \/>\n<meta property=\"og:image\" content=\"https:\/\/www.domainedurayol.org\/en\/wp-content\/uploads\/sites\/4\/2017\/04\/Vue-sur-lH\u00f4tel-de-la-Mer-et-la-baie-du-Figuier-\u00a9-Domaine-du-Rayol-e1493038970957.jpg\" \/>\n\t<meta property=\"og:image:width\" content=\"1000\" \/>\n\t<meta property=\"og:image:height\" content=\"561\" \/>\n\t<meta property=\"og:image:type\" content=\"image\/jpeg\" \/>\n<meta name=\"author\" content=\"christineromero\" \/>\n<meta name=\"twitter:card\" content=\"summary_large_image\" \/>\n<meta name=\"twitter:label1\" content=\"Written by\" \/>\n\t<meta name=\"twitter:data1\" content=\"christineromero\" \/>\n\t<meta name=\"twitter:label2\" content=\"Est. reading time\" \/>\n\t<meta name=\"twitter:data2\" content=\"1 minute\" \/>\n<script type=\"application\/ld+json\" class=\"yoast-schema-graph\">{\"@context\":\"https:\/\/schema.org\",\"@graph\":[{\"@type\":\"WebPage\",\"@id\":\"https:\/\/www.domainedurayol.org\/en\/envie-de-jardins-domaine-rayol-france-3-dimanche-4-juin-a-16h15\/\",\"url\":\"https:\/\/www.domainedurayol.org\/en\/envie-de-jardins-domaine-rayol-france-3-dimanche-4-juin-a-16h15\/\",\"name\":\"\\\"Comme une envie de jardins\\\" au Domaine du Rayol sur France 3 dimanche 4 juin \u00e0 16h15 - Domaine du Rayol\",\"isPartOf\":{\"@id\":\"https:\/\/www.domainedurayol.org\/en\/#website\"},\"primaryImageOfPage\":{\"@id\":\"https:\/\/www.domainedurayol.org\/en\/envie-de-jardins-domaine-rayol-france-3-dimanche-4-juin-a-16h15\/#primaryimage\"},\"image\":{\"@id\":\"https:\/\/www.domainedurayol.org\/en\/envie-de-jardins-domaine-rayol-france-3-dimanche-4-juin-a-16h15\/#primaryimage\"},\"thumbnailUrl\":\"https:\/\/www.domainedurayol.org\/en\/wp-content\/uploads\/sites\/4\/2017\/04\/Vue-sur-lH\u00f4tel-de-la-Mer-et-la-baie-du-Figuier-\u00a9-Domaine-du-Rayol-e1493038970957.jpg\",\"datePublished\":\"2017-06-02T09:25:59+00:00\",\"dateModified\":\"2017-07-21T13:45:11+00:00\",\"author\":{\"@id\":\"https:\/\/www.domainedurayol.org\/en\/#\/schema\/person\/afe461634e4c0a826b81155ed7e56c4e\"},\"breadcrumb\":{\"@id\":\"https:\/\/www.domainedurayol.org\/en\/envie-de-jardins-domaine-rayol-france-3-dimanche-4-juin-a-16h15\/#breadcrumb\"},\"inLanguage\":\"en-EN\",\"potentialAction\":[{\"@type\":\"ReadAction\",\"target\":[\"https:\/\/www.domainedurayol.org\/en\/envie-de-jardins-domaine-rayol-france-3-dimanche-4-juin-a-16h15\/\"]}]},{\"@type\":\"ImageObject\",\"inLanguage\":\"en-EN\",\"@id\":\"https:\/\/www.domainedurayol.org\/en\/envie-de-jardins-domaine-rayol-france-3-dimanche-4-juin-a-16h15\/#primaryimage\",\"url\":\"https:\/\/www.domainedurayol.org\/en\/wp-content\/uploads\/sites\/4\/2017\/04\/Vue-sur-lH\u00f4tel-de-la-Mer-et-la-baie-du-Figuier-\u00a9-Domaine-du-Rayol-e1493038970957.jpg\",\"contentUrl\":\"https:\/\/www.domainedurayol.org\/en\/wp-content\/uploads\/sites\/4\/2017\/04\/Vue-sur-lH\u00f4tel-de-la-Mer-et-la-baie-du-Figuier-\u00a9-Domaine-du-Rayol-e1493038970957.jpg\",\"width\":1000,\"height\":561,\"caption\":\"Vue sur l'H\u00f4tel de la Mer et la baie du Figuier\"},{\"@type\":\"BreadcrumbList\",\"@id\":\"https:\/\/www.domainedurayol.org\/en\/envie-de-jardins-domaine-rayol-france-3-dimanche-4-juin-a-16h15\/#breadcrumb\",\"itemListElement\":[{\"@type\":\"ListItem\",\"position\":1,\"name\":\"Accueil\",\"item\":\"https:\/\/www.domainedurayol.org\/en\/\"},{\"@type\":\"ListItem\",\"position\":2,\"name\":\"&#8220;Comme une envie de jardins&#8221; au Domaine du Rayol sur France 3 dimanche 4 juin \u00e0 16h15\"}]},{\"@type\":\"WebSite\",\"@id\":\"https:\/\/www.domainedurayol.org\/en\/#website\",\"url\":\"https:\/\/www.domainedurayol.org\/en\/\",\"name\":\"Domaine du Rayol\",\"description\":\"Le Jardin des M\u00e9diterran\u00e9es\",\"potentialAction\":[{\"@type\":\"SearchAction\",\"target\":{\"@type\":\"EntryPoint\",\"urlTemplate\":\"https:\/\/www.domainedurayol.org\/en\/?s={search_term_string}\"},\"query-input\":{\"@type\":\"PropertyValueSpecification\",\"valueRequired\":true,\"valueName\":\"search_term_string\"}}],\"inLanguage\":\"en-EN\"},{\"@type\":\"Person\",\"@id\":\"https:\/\/www.domainedurayol.org\/en\/#\/schema\/person\/afe461634e4c0a826b81155ed7e56c4e\",\"name\":\"christineromero\",\"image\":{\"@type\":\"ImageObject\",\"inLanguage\":\"en-EN\",\"@id\":\"https:\/\/www.domainedurayol.org\/en\/#\/schema\/person\/image\/\",\"url\":\"https:\/\/secure.gravatar.com\/avatar\/0e4fb1f572d1a169dcd3f25d30af1c36?s=96&r=g\",\"contentUrl\":\"https:\/\/secure.gravatar.com\/avatar\/0e4fb1f572d1a169dcd3f25d30af1c36?s=96&r=g\",\"caption\":\"christineromero\"},\"url\":\"https:\/\/www.domainedurayol.org\/en\/author\/christineromero\/\"}]}<\/script>\n<!-- \/ Yoast SEO plugin. -->","yoast_head_json":{"title":"\"Comme une envie de jardins\" au Domaine du Rayol sur France 3 dimanche 4 juin \u00e0 16h15 - Domaine du Rayol","robots":{"index":"index","follow":"follow","max-snippet":"max-snippet:-1","max-image-preview":"max-image-preview:large","max-video-preview":"max-video-preview:-1"},"canonical":"https:\/\/www.domainedurayol.org\/en\/envie-de-jardins-domaine-rayol-france-3-dimanche-4-juin-a-16h15\/","og_locale":"en_US","og_type":"article","og_title":"\"Comme une envie de jardins\" au Domaine du Rayol sur France 3 dimanche 4 juin \u00e0 16h15 - Domaine du Rayol","og_description":"En mars dernier, le Domaine du Rayol accueillait Jamy Gourmaud (C\u2019est pas sorcier) pour le tournage d\u2019une nouvelle \u00e9mission \u00ab Comme une envie de jardins\u2026 \u00bb, diffus\u00e9e sur France 3, le dimanche apr\u00e8s-midi. Dans cette \u00e9mission de 52 minutes, produite par la soci\u00e9t\u00e9 Troisi\u00e8me \u0152il, Jamy, au guidon de sa moto vintage, sillonne les routes {...}","og_url":"https:\/\/www.domainedurayol.org\/en\/envie-de-jardins-domaine-rayol-france-3-dimanche-4-juin-a-16h15\/","og_site_name":"Domaine du Rayol","article_published_time":"2017-06-02T09:25:59+00:00","article_modified_time":"2017-07-21T13:45:11+00:00","og_image":[{"width":1000,"height":561,"url":"https:\/\/www.domainedurayol.org\/en\/wp-content\/uploads\/sites\/4\/2017\/04\/Vue-sur-lH\u00f4tel-de-la-Mer-et-la-baie-du-Figuier-\u00a9-Domaine-du-Rayol-e1493038970957.jpg","type":"image\/jpeg"}],"author":"christineromero","twitter_card":"summary_large_image","twitter_misc":{"Written by":"christineromero","Est. reading time":"1 minute"},"schema":{"@context":"https:\/\/schema.org","@graph":[{"@type":"WebPage","@id":"https:\/\/www.domainedurayol.org\/en\/envie-de-jardins-domaine-rayol-france-3-dimanche-4-juin-a-16h15\/","url":"https:\/\/www.domainedurayol.org\/en\/envie-de-jardins-domaine-rayol-france-3-dimanche-4-juin-a-16h15\/","name":"\"Comme une envie de jardins\" au Domaine du Rayol sur France 3 dimanche 4 juin \u00e0 16h15 - Domaine du Rayol","isPartOf":{"@id":"https:\/\/www.domainedurayol.org\/en\/#website"},"primaryImageOfPage":{"@id":"https:\/\/www.domainedurayol.org\/en\/envie-de-jardins-domaine-rayol-france-3-dimanche-4-juin-a-16h15\/#primaryimage"},"image":{"@id":"https:\/\/www.domainedurayol.org\/en\/envie-de-jardins-domaine-rayol-france-3-dimanche-4-juin-a-16h15\/#primaryimage"},"thumbnailUrl":"https:\/\/www.domainedurayol.org\/en\/wp-content\/uploads\/sites\/4\/2017\/04\/Vue-sur-lH\u00f4tel-de-la-Mer-et-la-baie-du-Figuier-\u00a9-Domaine-du-Rayol-e1493038970957.jpg","datePublished":"2017-06-02T09:25:59+00:00","dateModified":"2017-07-21T13:45:11+00:00","author":{"@id":"https:\/\/www.domainedurayol.org\/en\/#\/schema\/person\/afe461634e4c0a826b81155ed7e56c4e"},"breadcrumb":{"@id":"https:\/\/www.domainedurayol.org\/en\/envie-de-jardins-domaine-rayol-france-3-dimanche-4-juin-a-16h15\/#breadcrumb"},"inLanguage":"en-EN","potentialAction":[{"@type":"ReadAction","target":["https:\/\/www.domainedurayol.org\/en\/envie-de-jardins-domaine-rayol-france-3-dimanche-4-juin-a-16h15\/"]}]},{"@type":"ImageObject","inLanguage":"en-EN","@id":"https:\/\/www.domainedurayol.org\/en\/envie-de-jardins-domaine-rayol-france-3-dimanche-4-juin-a-16h15\/#primaryimage","url":"https:\/\/www.domainedurayol.org\/en\/wp-content\/uploads\/sites\/4\/2017\/04\/Vue-sur-lH\u00f4tel-de-la-Mer-et-la-baie-du-Figuier-\u00a9-Domaine-du-Rayol-e1493038970957.jpg","contentUrl":"https:\/\/www.domainedurayol.org\/en\/wp-content\/uploads\/sites\/4\/2017\/04\/Vue-sur-lH\u00f4tel-de-la-Mer-et-la-baie-du-Figuier-\u00a9-Domaine-du-Rayol-e1493038970957.jpg","width":1000,"height":561,"caption":"Vue sur l'H\u00f4tel de la Mer et la baie du Figuier"},{"@type":"BreadcrumbList","@id":"https:\/\/www.domainedurayol.org\/en\/envie-de-jardins-domaine-rayol-france-3-dimanche-4-juin-a-16h15\/#breadcrumb","itemListElement":[{"@type":"ListItem","position":1,"name":"Accueil","item":"https:\/\/www.domainedurayol.org\/en\/"},{"@type":"ListItem","position":2,"name":"&#8220;Comme une envie de jardins&#8221; au Domaine du Rayol sur France 3 dimanche 4 juin \u00e0 16h15"}]},{"@type":"WebSite","@id":"https:\/\/www.domainedurayol.org\/en\/#website","url":"https:\/\/www.domainedurayol.org\/en\/","name":"Domaine du Rayol","description":"Le Jardin des M\u00e9diterran\u00e9es","potentialAction":[{"@type":"SearchAction","target":{"@type":"EntryPoint","urlTemplate":"https:\/\/www.domainedurayol.org\/en\/?s={search_term_string}"},"query-input":{"@type":"PropertyValueSpecification","valueRequired":true,"valueName":"search_term_string"}}],"inLanguage":"en-EN"},{"@type":"Person","@id":"https:\/\/www.domainedurayol.org\/en\/#\/schema\/person\/afe461634e4c0a826b81155ed7e56c4e","name":"christineromero","image":{"@type":"ImageObject","inLanguage":"en-EN","@id":"https:\/\/www.domainedurayol.org\/en\/#\/schema\/person\/image\/","url":"https:\/\/secure.gravatar.com\/avatar\/0e4fb1f572d1a169dcd3f25d30af1c36?s=96&r=g","contentUrl":"https:\/\/secure.gravatar.com\/avatar\/0e4fb1f572d1a169dcd3f25d30af1c36?s=96&r=g","caption":"christineromero"},"url":"https:\/\/www.domainedurayol.org\/en\/author\/christineromero\/"}]}},"_links":{"self":[{"href":"https:\/\/www.domainedurayol.org\/en\/wp-json\/wp\/v2\/posts\/3291","targetHints":{"allow":["GET"]}}],"collection":[{"href":"https:\/\/www.domainedurayol.org\/en\/wp-json\/wp\/v2\/posts"}],"about":[{"href":"https:\/\/www.domainedurayol.org\/en\/wp-json\/wp\/v2\/types\/post"}],"author":[{"embeddable":true,"href":"https:\/\/www.domainedurayol.org\/en\/wp-json\/wp\/v2\/users\/6"}],"replies":[{"embeddable":true,"href":"https:\/\/www.domainedurayol.org\/en\/wp-json\/wp\/v2\/comments?post=3291"}],"version-history":[{"count":0,"href":"https:\/\/www.domainedurayol.org\/en\/wp-json\/wp\/v2\/posts\/3291\/revisions"}],"wp:featuredmedia":[{"embeddable":true,"href":"https:\/\/www.domainedurayol.org\/en\/wp-json\/wp\/v2\/media\/2119"}],"wp:attachment":[{"href":"https:\/\/www.domainedurayol.org\/en\/wp-json\/wp\/v2\/media?parent=3291"}],"wp:term":[{"taxonomy":"category","embeddable":true,"href":"https:\/\/www.domainedurayol.org\/en\/wp-json\/wp\/v2\/categories?post=3291"},{"taxonomy":"post_tag","embeddable":true,"href":"https:\/\/www.domainedurayol.org\/en\/wp-json\/wp\/v2\/tags?post=3291"}],"curies":[{"name":"wp","href":"https:\/\/api.w.org\/{rel}","templated":true}]}}