{"id":2753,"date":"2017-01-04T16:02:48","date_gmt":"2017-01-04T15:02:48","guid":{"rendered":"https:\/\/www.domainedurayol.org\/?p=2753"},"modified":"2017-05-16T12:09:09","modified_gmt":"2017-05-16T10:09:09","slug":"la-plante-du-mois-quillaja-saponaria","status":"publish","type":"post","link":"https:\/\/www.domainedurayol.org\/en\/la-plante-du-mois-quillaja-saponaria\/","title":{"rendered":"La plante du mois : Quillaja saponaria"},"content":{"rendered":"<p style=\"text-align: justify\">Ce mois-ci, nous allons \u00e0 la rencontre d\u2019un arbre, le <em>Quillaja saponaria<\/em>. Il se trouve au d\u00e9but du paysage du Chili, au bord du chemin. C\u2019est d\u00e9j\u00e0 un petit arbre de pr\u00e8s de 5m de hauteur, en pleine croissance, un arbre d\u2019avenir. Il a 15 ans, et adulte, il devrait atteindre 25 m !<\/p>\n<hr \/>\n<p>&nbsp;<\/p>\n<h2>Une esp\u00e8ce vielle de 20 millions d&#8217;ann\u00e9es<\/h2>\n<div id=\"attachment_2649\" style=\"width: 260px\" class=\"wp-caption alignleft\"><a href=\"https:\/\/www.domainedurayol.org\/wp-content\/uploads\/sites\/4\/2017\/05\/Quillaja-saponaria-bouton-domaine-du-rayol.jpg\"><img loading=\"lazy\" decoding=\"async\" aria-describedby=\"caption-attachment-2649\" class=\"Fancybox wp-image-2649 size-medium\" title=\"\u00a9 Domaine du Rayol\" src=\"https:\/\/www.domainedurayol.org\/wp-content\/uploads\/sites\/4\/2017\/05\/Quillaja-saponaria-bouton-domaine-du-rayol-250x374.jpg\" alt=\"Quillaja-saponaria-bouton-domaine-du-rayol\" width=\"250\" height=\"374\" srcset=\"https:\/\/www.domainedurayol.org\/en\/wp-content\/uploads\/sites\/4\/2017\/05\/Quillaja-saponaria-bouton-domaine-du-rayol-250x374.jpg 250w, https:\/\/www.domainedurayol.org\/en\/wp-content\/uploads\/sites\/4\/2017\/05\/Quillaja-saponaria-bouton-domaine-du-rayol-400x599.jpg 400w, https:\/\/www.domainedurayol.org\/en\/wp-content\/uploads\/sites\/4\/2017\/05\/Quillaja-saponaria-bouton-domaine-du-rayol-120x180.jpg 120w, https:\/\/www.domainedurayol.org\/en\/wp-content\/uploads\/sites\/4\/2017\/05\/Quillaja-saponaria-bouton-domaine-du-rayol.jpg 513w\" sizes=\"auto, (max-width: 250px) 100vw, 250px\" \/><\/a><p id=\"caption-attachment-2649\" class=\"wp-caption-text\">Bouton de Quillaja Saponaria<\/p><\/div>\n<p style=\"text-align: justify\">Les Quillaja forment un groupe de trois esp\u00e8ces uniquement sud-am\u00e9ricaines, en terme botanique, originaires du Nouveau Monde. Ils \u00e9taient plac\u00e9s dans la famille des <em>Rocaceae<\/em>, vaste famille tr\u00e8s accueillante, qui contient beaucoup d\u2019arbres fruitiers tels pommiers, p\u00eachers, cerisiers, et les spir\u00e9es dont on les croyait proches.<br \/>\nMais lors des r\u00e9visions taxonomiques, une \u00e9tude g\u00e9n\u00e9tique a montr\u00e9 qu\u2019en r\u00e9alit\u00e9, il s\u2019agit d\u2019une famille originale, ne comprenant que ce genre, et que l\u2019on a donc appel\u00e9 les <em>Quillajaceae<\/em>. Qui plus est, si les <em>Rosaceae<\/em> sont class\u00e9es dans l\u2019ordre des Rosales, les<em> Quillajaceae<\/em> se sont retrouv\u00e9es class\u00e9es dans les Fabales. Un tel chambardement taxonomique n\u2019arrive pas tous les jours\u2026<\/p>\n<p style=\"text-align: justify\">Mais en quoi est-ce int\u00e9ressant ? Eh bien, car cette famille devient une survivante des flores du Gondwana, pr\u00e9sentes sur l\u2019Antarctique\u2026 Elle date donc d\u2019avant la glaciation, commenc\u00e9e voici 20 millions d\u2019ann\u00e9es, apr\u00e8s la s\u00e9paration avec l\u2019Am\u00e9rique latine\u2026 pour cause de d\u00e9rive des continents.<\/p>\n<hr \/>\n<h2>Le Quillaja : De l&#8217;usage quotidien \u00e0 la permaculture<\/h2>\n<p style=\"text-align: justify\">Notre Quillaja est connu sous le nom de \u00ab bois de Panama \u00bb et est utilis\u00e9 en tant que savon. C\u2019est l\u2019\u00e9corce qui est utilis\u00e9e, et qui est tr\u00e8s riche en saponines. Il est cultiv\u00e9 jusqu\u2019en Californie et en Inde. Les usages traditionnels am\u00e9rindiens sont nombreux. Mais \u00e9tant donn\u00e9 la puissance du produit, il est prudent de l\u2019utiliser sous le contr\u00f4le d\u2019un phytoth\u00e9rapeute. Il est tr\u00e8s utilis\u00e9 pour la lessive, en \u00e9b\u00e9nisterie, et pour les shampoings naturels.<\/p>\n<p style=\"text-align: justify\">Et enfin, son succ\u00e8s r\u00e9cent vient de la grande vogue que conna\u00eet actuellement la permaculture, o\u00f9 il est cit\u00e9 dans le livre de Bill Mollison. En effet, Bill recommande d\u2019associer le Quillaja avec les arbres fruitiers, il aurait un effet r\u00e9pulsif sur les insectes et permettrait de r\u00e9duire drastiquement les interventions pesticides. On est bien l\u00e0 dans ce g\u00e9nie naturel que nous essayons modestement de mettre en place au Domaine du Rayol.<\/p>\n<p style=\"text-align: right\"><em>Les jardiniers du Domaine du Rayol<\/em><\/p>\n","protected":false},"excerpt":{"rendered":"Ce mois-ci, nous allons \u00e0 la rencontre d\u2019un arbre, le Quillaja saponaria. Il se trouve au d\u00e9but du paysage du Chili, au bord du chemin. C\u2019est d\u00e9j\u00e0 un petit arbre de pr\u00e8s de 5m de hauteur, en pleine croissance, un arbre d\u2019avenir. Il a 15 ans, et adulte, il devrait atteindre 25 m ! &nbsp; {&#8230;}","protected":false},"author":9,"featured_media":2650,"comment_status":"closed","ping_status":"open","sticky":false,"template":"","format":"standard","meta":{"_acf_changed":false,"footnotes":""},"categories":[75],"tags":[],"class_list":["post-2753","post","type-post","status-publish","format-standard","has-post-thumbnail","hentry","category-le-coin-des-jardiniers"],"acf":[],"yoast_head":"<!-- This site is optimized with the Yoast SEO plugin v24.1 - https:\/\/yoast.com\/wordpress\/plugins\/seo\/ -->\n<title>La plante du mois : Quillaja saponaria - Domaine du Rayol<\/title>\n<meta name=\"robots\" content=\"index, follow, max-snippet:-1, max-image-preview:large, max-video-preview:-1\" \/>\n<link rel=\"canonical\" href=\"https:\/\/www.domainedurayol.org\/en\/la-plante-du-mois-quillaja-saponaria\/\" \/>\n<meta property=\"og:locale\" content=\"en_US\" \/>\n<meta property=\"og:type\" content=\"article\" \/>\n<meta property=\"og:title\" content=\"La plante du mois : Quillaja saponaria - Domaine du Rayol\" \/>\n<meta property=\"og:description\" content=\"Ce mois-ci, nous allons \u00e0 la rencontre d\u2019un arbre, le Quillaja saponaria. Il se trouve au d\u00e9but du paysage du Chili, au bord du chemin. C\u2019est d\u00e9j\u00e0 un petit arbre de pr\u00e8s de 5m de hauteur, en pleine croissance, un arbre d\u2019avenir. Il a 15 ans, et adulte, il devrait atteindre 25 m ! &nbsp; {...}\" \/>\n<meta property=\"og:url\" content=\"https:\/\/www.domainedurayol.org\/en\/la-plante-du-mois-quillaja-saponaria\/\" \/>\n<meta property=\"og:site_name\" content=\"Domaine du Rayol\" \/>\n<meta property=\"article:published_time\" content=\"2017-01-04T15:02:48+00:00\" \/>\n<meta property=\"article:modified_time\" content=\"2017-05-16T10:09:09+00:00\" \/>\n<meta property=\"og:image\" content=\"https:\/\/www.domainedurayol.org\/en\/wp-content\/uploads\/sites\/4\/2017\/05\/Quillaja-saponaria-fleur-domaine-du-rayol-e1494425395906.jpg\" \/>\n\t<meta property=\"og:image:width\" content=\"512\" \/>\n\t<meta property=\"og:image:height\" content=\"468\" \/>\n\t<meta property=\"og:image:type\" content=\"image\/jpeg\" \/>\n<meta name=\"author\" content=\"comm3\" \/>\n<meta name=\"twitter:card\" content=\"summary_large_image\" \/>\n<meta name=\"twitter:label1\" content=\"Written by\" \/>\n\t<meta name=\"twitter:data1\" content=\"comm3\" \/>\n\t<meta name=\"twitter:label2\" content=\"Est. reading time\" \/>\n\t<meta name=\"twitter:data2\" content=\"2 minutes\" \/>\n<script type=\"application\/ld+json\" class=\"yoast-schema-graph\">{\"@context\":\"https:\/\/schema.org\",\"@graph\":[{\"@type\":\"WebPage\",\"@id\":\"https:\/\/www.domainedurayol.org\/en\/la-plante-du-mois-quillaja-saponaria\/\",\"url\":\"https:\/\/www.domainedurayol.org\/en\/la-plante-du-mois-quillaja-saponaria\/\",\"name\":\"La plante du mois : Quillaja saponaria - Domaine du Rayol\",\"isPartOf\":{\"@id\":\"https:\/\/www.domainedurayol.org\/en\/#website\"},\"primaryImageOfPage\":{\"@id\":\"https:\/\/www.domainedurayol.org\/en\/la-plante-du-mois-quillaja-saponaria\/#primaryimage\"},\"image\":{\"@id\":\"https:\/\/www.domainedurayol.org\/en\/la-plante-du-mois-quillaja-saponaria\/#primaryimage\"},\"thumbnailUrl\":\"https:\/\/www.domainedurayol.org\/en\/wp-content\/uploads\/sites\/4\/2017\/05\/Quillaja-saponaria-fleur-domaine-du-rayol-e1494425395906.jpg\",\"datePublished\":\"2017-01-04T15:02:48+00:00\",\"dateModified\":\"2017-05-16T10:09:09+00:00\",\"author\":{\"@id\":\"https:\/\/www.domainedurayol.org\/en\/#\/schema\/person\/19d93c3397f6aaa4cf0a5adedc94824f\"},\"breadcrumb\":{\"@id\":\"https:\/\/www.domainedurayol.org\/en\/la-plante-du-mois-quillaja-saponaria\/#breadcrumb\"},\"inLanguage\":\"en-EN\",\"potentialAction\":[{\"@type\":\"ReadAction\",\"target\":[\"https:\/\/www.domainedurayol.org\/en\/la-plante-du-mois-quillaja-saponaria\/\"]}]},{\"@type\":\"ImageObject\",\"inLanguage\":\"en-EN\",\"@id\":\"https:\/\/www.domainedurayol.org\/en\/la-plante-du-mois-quillaja-saponaria\/#primaryimage\",\"url\":\"https:\/\/www.domainedurayol.org\/en\/wp-content\/uploads\/sites\/4\/2017\/05\/Quillaja-saponaria-fleur-domaine-du-rayol-e1494425395906.jpg\",\"contentUrl\":\"https:\/\/www.domainedurayol.org\/en\/wp-content\/uploads\/sites\/4\/2017\/05\/Quillaja-saponaria-fleur-domaine-du-rayol-e1494425395906.jpg\",\"width\":512,\"height\":468,\"caption\":\"Fleur de Quillaja saponaria\"},{\"@type\":\"BreadcrumbList\",\"@id\":\"https:\/\/www.domainedurayol.org\/en\/la-plante-du-mois-quillaja-saponaria\/#breadcrumb\",\"itemListElement\":[{\"@type\":\"ListItem\",\"position\":1,\"name\":\"Accueil\",\"item\":\"https:\/\/www.domainedurayol.org\/en\/\"},{\"@type\":\"ListItem\",\"position\":2,\"name\":\"La plante du mois : Quillaja saponaria\"}]},{\"@type\":\"WebSite\",\"@id\":\"https:\/\/www.domainedurayol.org\/en\/#website\",\"url\":\"https:\/\/www.domainedurayol.org\/en\/\",\"name\":\"Domaine du Rayol\",\"description\":\"Le Jardin des M\u00e9diterran\u00e9es\",\"potentialAction\":[{\"@type\":\"SearchAction\",\"target\":{\"@type\":\"EntryPoint\",\"urlTemplate\":\"https:\/\/www.domainedurayol.org\/en\/?s={search_term_string}\"},\"query-input\":{\"@type\":\"PropertyValueSpecification\",\"valueRequired\":true,\"valueName\":\"search_term_string\"}}],\"inLanguage\":\"en-EN\"},{\"@type\":\"Person\",\"@id\":\"https:\/\/www.domainedurayol.org\/en\/#\/schema\/person\/19d93c3397f6aaa4cf0a5adedc94824f\",\"name\":\"comm3\",\"image\":{\"@type\":\"ImageObject\",\"inLanguage\":\"en-EN\",\"@id\":\"https:\/\/www.domainedurayol.org\/en\/#\/schema\/person\/image\/\",\"url\":\"https:\/\/secure.gravatar.com\/avatar\/fe99b7b1a63a26fd511c676012056fe5?s=96&r=g\",\"contentUrl\":\"https:\/\/secure.gravatar.com\/avatar\/fe99b7b1a63a26fd511c676012056fe5?s=96&r=g\",\"caption\":\"comm3\"},\"url\":\"https:\/\/www.domainedurayol.org\/en\/author\/naiscoscia\/\"}]}<\/script>\n<!-- \/ Yoast SEO plugin. -->","yoast_head_json":{"title":"La plante du mois : Quillaja saponaria - Domaine du Rayol","robots":{"index":"index","follow":"follow","max-snippet":"max-snippet:-1","max-image-preview":"max-image-preview:large","max-video-preview":"max-video-preview:-1"},"canonical":"https:\/\/www.domainedurayol.org\/en\/la-plante-du-mois-quillaja-saponaria\/","og_locale":"en_US","og_type":"article","og_title":"La plante du mois : Quillaja saponaria - Domaine du Rayol","og_description":"Ce mois-ci, nous allons \u00e0 la rencontre d\u2019un arbre, le Quillaja saponaria. Il se trouve au d\u00e9but du paysage du Chili, au bord du chemin. C\u2019est d\u00e9j\u00e0 un petit arbre de pr\u00e8s de 5m de hauteur, en pleine croissance, un arbre d\u2019avenir. Il a 15 ans, et adulte, il devrait atteindre 25 m ! &nbsp; {...}","og_url":"https:\/\/www.domainedurayol.org\/en\/la-plante-du-mois-quillaja-saponaria\/","og_site_name":"Domaine du Rayol","article_published_time":"2017-01-04T15:02:48+00:00","article_modified_time":"2017-05-16T10:09:09+00:00","og_image":[{"width":512,"height":468,"url":"https:\/\/www.domainedurayol.org\/en\/wp-content\/uploads\/sites\/4\/2017\/05\/Quillaja-saponaria-fleur-domaine-du-rayol-e1494425395906.jpg","type":"image\/jpeg"}],"author":"comm3","twitter_card":"summary_large_image","twitter_misc":{"Written by":"comm3","Est. reading time":"2 minutes"},"schema":{"@context":"https:\/\/schema.org","@graph":[{"@type":"WebPage","@id":"https:\/\/www.domainedurayol.org\/en\/la-plante-du-mois-quillaja-saponaria\/","url":"https:\/\/www.domainedurayol.org\/en\/la-plante-du-mois-quillaja-saponaria\/","name":"La plante du mois : Quillaja saponaria - Domaine du Rayol","isPartOf":{"@id":"https:\/\/www.domainedurayol.org\/en\/#website"},"primaryImageOfPage":{"@id":"https:\/\/www.domainedurayol.org\/en\/la-plante-du-mois-quillaja-saponaria\/#primaryimage"},"image":{"@id":"https:\/\/www.domainedurayol.org\/en\/la-plante-du-mois-quillaja-saponaria\/#primaryimage"},"thumbnailUrl":"https:\/\/www.domainedurayol.org\/en\/wp-content\/uploads\/sites\/4\/2017\/05\/Quillaja-saponaria-fleur-domaine-du-rayol-e1494425395906.jpg","datePublished":"2017-01-04T15:02:48+00:00","dateModified":"2017-05-16T10:09:09+00:00","author":{"@id":"https:\/\/www.domainedurayol.org\/en\/#\/schema\/person\/19d93c3397f6aaa4cf0a5adedc94824f"},"breadcrumb":{"@id":"https:\/\/www.domainedurayol.org\/en\/la-plante-du-mois-quillaja-saponaria\/#breadcrumb"},"inLanguage":"en-EN","potentialAction":[{"@type":"ReadAction","target":["https:\/\/www.domainedurayol.org\/en\/la-plante-du-mois-quillaja-saponaria\/"]}]},{"@type":"ImageObject","inLanguage":"en-EN","@id":"https:\/\/www.domainedurayol.org\/en\/la-plante-du-mois-quillaja-saponaria\/#primaryimage","url":"https:\/\/www.domainedurayol.org\/en\/wp-content\/uploads\/sites\/4\/2017\/05\/Quillaja-saponaria-fleur-domaine-du-rayol-e1494425395906.jpg","contentUrl":"https:\/\/www.domainedurayol.org\/en\/wp-content\/uploads\/sites\/4\/2017\/05\/Quillaja-saponaria-fleur-domaine-du-rayol-e1494425395906.jpg","width":512,"height":468,"caption":"Fleur de Quillaja saponaria"},{"@type":"BreadcrumbList","@id":"https:\/\/www.domainedurayol.org\/en\/la-plante-du-mois-quillaja-saponaria\/#breadcrumb","itemListElement":[{"@type":"ListItem","position":1,"name":"Accueil","item":"https:\/\/www.domainedurayol.org\/en\/"},{"@type":"ListItem","position":2,"name":"La plante du mois : Quillaja saponaria"}]},{"@type":"WebSite","@id":"https:\/\/www.domainedurayol.org\/en\/#website","url":"https:\/\/www.domainedurayol.org\/en\/","name":"Domaine du Rayol","description":"Le Jardin des M\u00e9diterran\u00e9es","potentialAction":[{"@type":"SearchAction","target":{"@type":"EntryPoint","urlTemplate":"https:\/\/www.domainedurayol.org\/en\/?s={search_term_string}"},"query-input":{"@type":"PropertyValueSpecification","valueRequired":true,"valueName":"search_term_string"}}],"inLanguage":"en-EN"},{"@type":"Person","@id":"https:\/\/www.domainedurayol.org\/en\/#\/schema\/person\/19d93c3397f6aaa4cf0a5adedc94824f","name":"comm3","image":{"@type":"ImageObject","inLanguage":"en-EN","@id":"https:\/\/www.domainedurayol.org\/en\/#\/schema\/person\/image\/","url":"https:\/\/secure.gravatar.com\/avatar\/fe99b7b1a63a26fd511c676012056fe5?s=96&r=g","contentUrl":"https:\/\/secure.gravatar.com\/avatar\/fe99b7b1a63a26fd511c676012056fe5?s=96&r=g","caption":"comm3"},"url":"https:\/\/www.domainedurayol.org\/en\/author\/naiscoscia\/"}]}},"_links":{"self":[{"href":"https:\/\/www.domainedurayol.org\/en\/wp-json\/wp\/v2\/posts\/2753","targetHints":{"allow":["GET"]}}],"collection":[{"href":"https:\/\/www.domainedurayol.org\/en\/wp-json\/wp\/v2\/posts"}],"about":[{"href":"https:\/\/www.domainedurayol.org\/en\/wp-json\/wp\/v2\/types\/post"}],"author":[{"embeddable":true,"href":"https:\/\/www.domainedurayol.org\/en\/wp-json\/wp\/v2\/users\/9"}],"replies":[{"embeddable":true,"href":"https:\/\/www.domainedurayol.org\/en\/wp-json\/wp\/v2\/comments?post=2753"}],"version-history":[{"count":0,"href":"https:\/\/www.domainedurayol.org\/en\/wp-json\/wp\/v2\/posts\/2753\/revisions"}],"wp:featuredmedia":[{"embeddable":true,"href":"https:\/\/www.domainedurayol.org\/en\/wp-json\/wp\/v2\/media\/2650"}],"wp:attachment":[{"href":"https:\/\/www.domainedurayol.org\/en\/wp-json\/wp\/v2\/media?parent=2753"}],"wp:term":[{"taxonomy":"category","embeddable":true,"href":"https:\/\/www.domainedurayol.org\/en\/wp-json\/wp\/v2\/categories?post=2753"},{"taxonomy":"post_tag","embeddable":true,"href":"https:\/\/www.domainedurayol.org\/en\/wp-json\/wp\/v2\/tags?post=2753"}],"curies":[{"name":"wp","href":"https:\/\/api.w.org\/{rel}","templated":true}]}}