{"id":75,"count":48,"description":"<del>R<\/del>etrouvez dans le blog toute l\u2019actualit\u00e9 du Jardin, des pr\u00e9cieux conseils de nos jardiniers, \u00e0 la plante du mois, en passant par la revue de presse, c\u2019est ici que s\u2019articule le quotidien du Domaine du Rayol.","link":"https:\/\/www.domainedurayol.org\/en\/categorie\/le-coin-des-jardiniers\/","name":"Le coin des jardiniers","slug":"le-coin-des-jardiniers","taxonomy":"category","parent":0,"meta":[],"acf":[],"yoast_head":"<!-- This site is optimized with the Yoast SEO plugin v24.1 - https:\/\/yoast.com\/wordpress\/plugins\/seo\/ -->\n<title>Le coin des jardiniers - Domaine du Rayol<\/title>\n<meta name=\"robots\" content=\"index, follow, max-snippet:-1, max-image-preview:large, max-video-preview:-1\" \/>\n<link rel=\"canonical\" href=\"https:\/\/www.domainedurayol.org\/en\/categorie\/le-coin-des-jardiniers\/\" \/>\n<meta property=\"og:locale\" content=\"en_US\" \/>\n<meta property=\"og:type\" content=\"article\" \/>\n<meta property=\"og:title\" content=\"Le coin des jardiniers - Domaine du Rayol\" \/>\n<meta property=\"og:description\" content=\"Retrouvez dans le blog toute l\u2019actualit\u00e9 du Jardin, des pr\u00e9cieux conseils de nos jardiniers, \u00e0 la plante du mois, en passant par la revue de presse, c\u2019est ici que s\u2019articule le quotidien du Domaine du Rayol.\" \/>\n<meta property=\"og:url\" content=\"https:\/\/www.domainedurayol.org\/en\/categorie\/le-coin-des-jardiniers\/\" \/>\n<meta property=\"og:site_name\" content=\"Domaine du Rayol\" \/>\n<meta name=\"twitter:card\" content=\"summary_large_image\" \/>\n<script type=\"application\/ld+json\" class=\"yoast-schema-graph\">{\"@context\":\"https:\/\/schema.org\",\"@graph\":[{\"@type\":\"CollectionPage\",\"@id\":\"https:\/\/www.domainedurayol.org\/en\/categorie\/le-coin-des-jardiniers\/\",\"url\":\"https:\/\/www.domainedurayol.org\/en\/categorie\/le-coin-des-jardiniers\/\",\"name\":\"Le coin des jardiniers - Domaine du Rayol\",\"isPartOf\":{\"@id\":\"https:\/\/www.domainedurayol.org\/en\/#website\"},\"breadcrumb\":{\"@id\":\"https:\/\/www.domainedurayol.org\/en\/categorie\/le-coin-des-jardiniers\/#breadcrumb\"},\"inLanguage\":\"en-EN\"},{\"@type\":\"BreadcrumbList\",\"@id\":\"https:\/\/www.domainedurayol.org\/en\/categorie\/le-coin-des-jardiniers\/#breadcrumb\",\"itemListElement\":[{\"@type\":\"ListItem\",\"position\":1,\"name\":\"Accueil\",\"item\":\"https:\/\/www.domainedurayol.org\/en\/\"},{\"@type\":\"ListItem\",\"position\":2,\"name\":\"Le coin des jardiniers\"}]},{\"@type\":\"WebSite\",\"@id\":\"https:\/\/www.domainedurayol.org\/en\/#website\",\"url\":\"https:\/\/www.domainedurayol.org\/en\/\",\"name\":\"Domaine du Rayol\",\"description\":\"Le Jardin des M\u00e9diterran\u00e9es\",\"potentialAction\":[{\"@type\":\"SearchAction\",\"target\":{\"@type\":\"EntryPoint\",\"urlTemplate\":\"https:\/\/www.domainedurayol.org\/en\/?s={search_term_string}\"},\"query-input\":{\"@type\":\"PropertyValueSpecification\",\"valueRequired\":true,\"valueName\":\"search_term_string\"}}],\"inLanguage\":\"en-EN\"}]}<\/script>\n<!-- \/ Yoast SEO plugin. -->","yoast_head_json":{"title":"Le coin des jardiniers - Domaine du Rayol","robots":{"index":"index","follow":"follow","max-snippet":"max-snippet:-1","max-image-preview":"max-image-preview:large","max-video-preview":"max-video-preview:-1"},"canonical":"https:\/\/www.domainedurayol.org\/en\/categorie\/le-coin-des-jardiniers\/","og_locale":"en_US","og_type":"article","og_title":"Le coin des jardiniers - Domaine du Rayol","og_description":"Retrouvez dans le blog toute l\u2019actualit\u00e9 du Jardin, des pr\u00e9cieux conseils de nos jardiniers, \u00e0 la plante du mois, en passant par la revue de presse, c\u2019est ici que s\u2019articule le quotidien du Domaine du Rayol.","og_url":"https:\/\/www.domainedurayol.org\/en\/categorie\/le-coin-des-jardiniers\/","og_site_name":"Domaine du Rayol","twitter_card":"summary_large_image","schema":{"@context":"https:\/\/schema.org","@graph":[{"@type":"CollectionPage","@id":"https:\/\/www.domainedurayol.org\/en\/categorie\/le-coin-des-jardiniers\/","url":"https:\/\/www.domainedurayol.org\/en\/categorie\/le-coin-des-jardiniers\/","name":"Le coin des jardiniers - Domaine du Rayol","isPartOf":{"@id":"https:\/\/www.domainedurayol.org\/en\/#website"},"breadcrumb":{"@id":"https:\/\/www.domainedurayol.org\/en\/categorie\/le-coin-des-jardiniers\/#breadcrumb"},"inLanguage":"en-EN"},{"@type":"BreadcrumbList","@id":"https:\/\/www.domainedurayol.org\/en\/categorie\/le-coin-des-jardiniers\/#breadcrumb","itemListElement":[{"@type":"ListItem","position":1,"name":"Accueil","item":"https:\/\/www.domainedurayol.org\/en\/"},{"@type":"ListItem","position":2,"name":"Le coin des jardiniers"}]},{"@type":"WebSite","@id":"https:\/\/www.domainedurayol.org\/en\/#website","url":"https:\/\/www.domainedurayol.org\/en\/","name":"Domaine du Rayol","description":"Le Jardin des M\u00e9diterran\u00e9es","potentialAction":[{"@type":"SearchAction","target":{"@type":"EntryPoint","urlTemplate":"https:\/\/www.domainedurayol.org\/en\/?s={search_term_string}"},"query-input":{"@type":"PropertyValueSpecification","valueRequired":true,"valueName":"search_term_string"}}],"inLanguage":"en-EN"}]}},"_links":{"self":[{"href":"https:\/\/www.domainedurayol.org\/en\/wp-json\/wp\/v2\/categories\/75","targetHints":{"allow":["GET"]}}],"collection":[{"href":"https:\/\/www.domainedurayol.org\/en\/wp-json\/wp\/v2\/categories"}],"about":[{"href":"https:\/\/www.domainedurayol.org\/en\/wp-json\/wp\/v2\/taxonomies\/category"}],"wp:post_type":[{"href":"https:\/\/www.domainedurayol.org\/en\/wp-json\/wp\/v2\/posts?categories=75"}],"curies":[{"name":"wp","href":"https:\/\/api.w.org\/{rel}","templated":true}]}}